{"id":9015,"date":"2012-09-30T07:00:00","date_gmt":"2012-09-30T05:00:00","guid":{"rendered":"http:\/\/xmau.com\/wp\/notiziole\/2012\/09\/30\/quizzino_della_20\/"},"modified":"2016-05-31T12:31:40","modified_gmt":"2016-05-31T10:31:40","slug":"quizzino-quanti-figli","status":"publish","type":"post","link":"https:\/\/xmau.com\/wp\/notiziole\/2012\/09\/30\/quizzino-quanti-figli\/","title":{"rendered":"Quizzino della domenica: Quanti figli!"},"content":{"rendered":"<div class='__iawmlf-post-loop-links' style='display:none;' data-iawmlf-post-links='[{&quot;id&quot;:8170,&quot;href&quot;:&quot;http:\\\/\\\/xmau.com\\\/quizzini\\\/p054.html&quot;,&quot;archived_href&quot;:&quot;http:\\\/\\\/web-wp.archive.org\\\/web\\\/20210126143149\\\/https:\\\/\\\/xmau.com\\\/quizzini\\\/p054.html&quot;,&quot;redirect_href&quot;:&quot;&quot;,&quot;checks&quot;:[{&quot;date&quot;:&quot;2026-02-16 07:37:09&quot;,&quot;http_code&quot;:206},{&quot;date&quot;:&quot;2026-02-20 02:03:40&quot;,&quot;http_code&quot;:206},{&quot;date&quot;:&quot;2026-03-01 23:54:08&quot;,&quot;http_code&quot;:206},{&quot;date&quot;:&quot;2026-03-05 11:55:11&quot;,&quot;http_code&quot;:206},{&quot;date&quot;:&quot;2026-03-12 13:47:48&quot;,&quot;http_code&quot;:206},{&quot;date&quot;:&quot;2026-03-23 13:44:31&quot;,&quot;http_code&quot;:206},{&quot;date&quot;:&quot;2026-03-27 06:12:23&quot;,&quot;http_code&quot;:206},{&quot;date&quot;:&quot;2026-04-01 21:52:09&quot;,&quot;http_code&quot;:206},{&quot;date&quot;:&quot;2026-04-09 16:04:24&quot;,&quot;http_code&quot;:206},{&quot;date&quot;:&quot;2026-04-18 00:39:29&quot;,&quot;http_code&quot;:206},{&quot;date&quot;:&quot;2026-04-21 05:23:07&quot;,&quot;http_code&quot;:206}],&quot;broken&quot;:false,&quot;last_checked&quot;:{&quot;date&quot;:&quot;2026-04-21 05:23:07&quot;,&quot;http_code&quot;:206},&quot;process&quot;:&quot;done&quot;}]'><\/div>\n<p>In un articolo apparso il secolo scorso sul bollettino parrocchiale di Villar Perosa, si racconta che il senatore Giovanni Agnelli in persona premi\u00f2 un contadino che aveva nove figli per una curiosa propriet\u00e0 aritmetica. Tutti i figli erano infatti nati allo stesso numero di anni di distanza l&#8217;uno dal successivo; ma soprattutto la somma dei quadrati delle loro et\u00e0 in quell&#8217;anno era pari al quadrato dell&#8217;et\u00e0 del contadino. Quali erano queste et\u00e0?<br \/>\n<small>(un aiutino lo trovate sul mio sito, alla pagina <a href=\"http:\/\/xmau.com\/quizzini\/p054.html\">http:\/\/xmau.com\/quizzini\/p054.html<\/a>; la risposta verr\u00e0 postata l\u00ec il prossimo mercoled\u00ec. Il problema \u00e8 tratto da Henry Dudeney, <em>536 Puzzles and Curious Problems<\/em>)<\/small><\/p>\n","protected":false},"excerpt":{"rendered":"<p>In un articolo apparso il secolo scorso sul bollettino parrocchiale di Villar Perosa, si racconta che il senatore Giovanni Agnelli in persona premi\u00f2 un contadino che aveva nove figli per una curiosa propriet\u00e0 aritmetica. Tutti i figli erano infatti nati allo stesso numero di anni di distanza l&#8217;uno dal successivo; ma soprattutto la somma dei [&hellip;]<\/p>\n","protected":false},"author":2,"featured_media":0,"comment_status":"closed","ping_status":"closed","sticky":false,"template":"","format":"standard","meta":{"_lmt_disableupdate":"","_lmt_disable":"","jetpack_post_was_ever_published":false,"_jetpack_newsletter_access":"","_jetpack_dont_email_post_to_subs":false,"_jetpack_newsletter_tier_id":0,"_jetpack_memberships_contains_paywalled_content":false,"_jetpack_memberships_contains_paid_content":false,"activitypub_content_warning":"","activitypub_content_visibility":"","activitypub_max_image_attachments":3,"activitypub_interaction_policy_quote":"anyone","activitypub_status":"","footnotes":"","jetpack_publicize_message":"","jetpack_publicize_feature_enabled":true,"jetpack_social_post_already_shared":false,"jetpack_social_options":{"image_generator_settings":{"template":"highway","default_image_id":0,"font":"","enabled":false},"version":2}},"categories":[74,920],"tags":[],"class_list":["post-9015","post","type-post","status-publish","format-standard","hentry","category-giochi","category-giochi-2012"],"modified_by":".mau.","jetpack_publicize_connections":[],"jetpack_featured_media_url":"","jetpack_shortlink":"https:\/\/wp.me\/p6hcSh-2lp","jetpack-related-posts":[{"id":14753,"url":"https:\/\/xmau.com\/wp\/notiziole\/2017\/04\/30\/quizzino-della-domenica-famiglia-media\/","url_meta":{"origin":9015,"position":0},"title":"Quizzino della domenica: famiglia media","author":".mau.","date":"2017-04-30","format":false,"excerpt":"L'et\u00e0 media dei componenti di una famiglia (padre, madre, e alcuni figli) \u00e8 di 20 anni. Se non contiamo il padre, che ha 40 anni, l'et\u00e0 media scende a 15 anni. Quanti sono i figli in quella famiglia? (un aiutino lo trovate sul mio sito, alla pagina http:\/\/xmau.com\/quizzini\/p250.html; la risposta\u2026","rel":"","context":"In &quot;giochi&quot;","block_context":{"text":"giochi","link":"https:\/\/xmau.com\/wp\/notiziole\/category\/giochi\/"},"img":{"alt_text":"","src":"","width":0,"height":0},"classes":[]},{"id":8927,"url":"https:\/\/xmau.com\/wp\/notiziole\/2012\/07\/22\/quizzino_della_10\/","url_meta":{"origin":9015,"position":1},"title":"Quizzino della domenica: Vecchi compagni di classe","author":".mau.","date":"2012-07-22","format":false,"excerpt":"Tre amici si ritrovano per il trentennale della loro maturit\u00e0, e chiacchierano tra loro. Il primo dice \"Ciascuno di noi ha un figlio, ma a nessuno di loro piace Douglas Adams come a noi! Peccato, perch\u00e9 quest'anno la somma delle loro et\u00e0 \u00e8 proprio 42 anni\" Il secondo replica \"In\u2026","rel":"","context":"In &quot;giochi&quot;","block_context":{"text":"giochi","link":"https:\/\/xmau.com\/wp\/notiziole\/category\/giochi\/"},"img":{"alt_text":"","src":"","width":0,"height":0},"classes":[]},{"id":9291,"url":"https:\/\/xmau.com\/wp\/notiziole\/2013\/05\/12\/quizzino-capitano-sua-nave\/","url_meta":{"origin":9015,"position":2},"title":"Quizzino della domenica: Il capitano e la sua nave","author":".mau.","date":"2013-05-12","format":false,"excerpt":"Siete capaci a ricavare l'et\u00e0 del capitano di questa nave, quanti figli maschi e femmine ha e quanto \u00e8 lunga la sua nave? Il prodotto dei quattro valori (con l'et\u00e0 espressa in anni, e la lunghezza della nave in metri) \u00e8 32118; solo l'ultimo figlio del capitano \u00e8 maschio; inoltre\u2026","rel":"","context":"In &quot;giochi&quot;","block_context":{"text":"giochi","link":"https:\/\/xmau.com\/wp\/notiziole\/category\/giochi\/"},"img":{"alt_text":"","src":"","width":0,"height":0},"classes":[]},{"id":28547,"url":"https:\/\/xmau.com\/wp\/notiziole\/2024\/03\/17\/quizzino-della-domenica-i-muscoli-del-capitano\/","url_meta":{"origin":9015,"position":3},"title":"Quizzino della domenica: I muscoli del capitano","author":".mau.","date":"2024-03-17","format":false,"excerpt":"Alla domanda \"Ma quanti anni ha?\", Capitan Fiondus rispose: \"Ho meno di cent'anni, pi\u00f9 di un figlio maschio e pi\u00f9 di una figlia femmina, e il prodotto della mia et\u00e0, del numero di figli e della lunghezza in piedi della mia barca \u00e8 32118\". Insomma, quanti anni ha, e quanto\u2026","rel":"","context":"In &quot;giochi&quot;","block_context":{"text":"giochi","link":"https:\/\/xmau.com\/wp\/notiziole\/category\/giochi\/"},"img":{"alt_text":"un capitano","src":"https:\/\/i0.wp.com\/xmau.com\/wp\/notiziole\/wp-content\/uploads\/sites\/6\/2024\/03\/q687a.png?resize=350%2C200&ssl=1","width":350,"height":200},"classes":[]},{"id":27174,"url":"https:\/\/xmau.com\/wp\/notiziole\/2023\/09\/24\/quizzino-della-domenica-due-quadrati\/","url_meta":{"origin":9015,"position":4},"title":"Quizzino della domenica: Due quadrati","author":".mau.","date":"2023-09-24","format":false,"excerpt":"Costruite un quadrato e disegnate una diagonale che lo divida in due, come mostrato in figura. Nei due triangoli ottenuti inscrivete due quadrati A e B, il primo con i lati paralleli a quelli del quadrato di partenza e il secondo con un lato sulla diagonale. Quale dei due quadrati\u2026","rel":"","context":"In &quot;giochi&quot;","block_context":{"text":"giochi","link":"https:\/\/xmau.com\/wp\/notiziole\/category\/giochi\/"},"img":{"alt_text":"i tue quadrati inscritti","src":"https:\/\/i0.wp.com\/xmau.com\/wp\/notiziole\/wp-content\/uploads\/sites\/6\/2023\/09\/q662a.png?resize=350%2C200&ssl=1","width":350,"height":200},"classes":[]},{"id":29162,"url":"https:\/\/xmau.com\/wp\/notiziole\/2024\/06\/23\/quizzino-della-domenica-quadrato-ruotato\/","url_meta":{"origin":9015,"position":5},"title":"Quizzino della domenica: Quadrato ruotato","author":".mau.","date":"2024-06-23","format":false,"excerpt":"Se prolunghiamo i lati del quadrato in figura, essi toccano l'asse delle x in punti di ascissa 3, 5, 7, 13. Qual \u00e8 l'area del quadrato? (trovate un aiutino sul mio sito, alla pagina https:\/\/xmau.com\/quizzini\/p701.html; la risposta verr\u00e0 postata l\u00ec il prossimo mercoled\u00ec. Problema da Mind Your Decisions.)","rel":"","context":"In &quot;giochi&quot;","block_context":{"text":"giochi","link":"https:\/\/xmau.com\/wp\/notiziole\/category\/giochi\/"},"img":{"alt_text":"figura","src":"https:\/\/i0.wp.com\/xmau.com\/wp\/notiziole\/wp-content\/uploads\/sites\/6\/2024\/06\/q701a-1024x505.png?resize=350%2C200&ssl=1","width":350,"height":200},"classes":[]}],"jetpack_likes_enabled":true,"jetpack_sharing_enabled":true,"_links":{"self":[{"href":"https:\/\/xmau.com\/wp\/notiziole\/wp-json\/wp\/v2\/posts\/9015","targetHints":{"allow":["GET"]}}],"collection":[{"href":"https:\/\/xmau.com\/wp\/notiziole\/wp-json\/wp\/v2\/posts"}],"about":[{"href":"https:\/\/xmau.com\/wp\/notiziole\/wp-json\/wp\/v2\/types\/post"}],"author":[{"embeddable":true,"href":"https:\/\/xmau.com\/wp\/notiziole\/wp-json\/wp\/v2\/users\/2"}],"replies":[{"embeddable":true,"href":"https:\/\/xmau.com\/wp\/notiziole\/wp-json\/wp\/v2\/comments?post=9015"}],"version-history":[{"count":0,"href":"https:\/\/xmau.com\/wp\/notiziole\/wp-json\/wp\/v2\/posts\/9015\/revisions"}],"wp:attachment":[{"href":"https:\/\/xmau.com\/wp\/notiziole\/wp-json\/wp\/v2\/media?parent=9015"}],"wp:term":[{"taxonomy":"category","embeddable":true,"href":"https:\/\/xmau.com\/wp\/notiziole\/wp-json\/wp\/v2\/categories?post=9015"},{"taxonomy":"post_tag","embeddable":true,"href":"https:\/\/xmau.com\/wp\/notiziole\/wp-json\/wp\/v2\/tags?post=9015"}],"curies":[{"name":"wp","href":"https:\/\/api.w.org\/{rel}","templated":true}]}}