{"id":8051,"date":"2010-09-10T11:16:59","date_gmt":"2010-09-10T11:16:59","guid":{"rendered":"http:\/\/xmau.com\/wp\/notiziole\/2010\/09\/10\/il_divo_giulio_\/"},"modified":"2010-09-10T11:16:59","modified_gmt":"2010-09-10T11:16:59","slug":"il_divo_giulio_","status":"publish","type":"post","link":"https:\/\/xmau.com\/wp\/notiziole\/2010\/09\/10\/il_divo_giulio_\/","title":{"rendered":"Il divo Giulio \u00e8 proprio invecchiato"},"content":{"rendered":"<div class='__iawmlf-post-loop-links' style='display:none;' data-iawmlf-post-links='[{&quot;id&quot;:9618,&quot;href&quot;:&quot;http:\\\/\\\/www.repubblica.it\\\/politica\\\/2010\\\/09\\\/09\\\/news\\\/andreotti_sindona-6903889&quot;,&quot;archived_href&quot;:&quot;http:\\\/\\\/web-wp.archive.org\\\/web\\\/20241226114214\\\/https:\\\/\\\/www.repubblica.it\\\/politica\\\/2010\\\/09\\\/09\\\/news\\\/andreotti_sindona-6903889\\\/&quot;,&quot;redirect_href&quot;:&quot;&quot;,&quot;checks&quot;:[{&quot;date&quot;:&quot;2026-02-17 00:47:36&quot;,&quot;http_code&quot;:206},{&quot;date&quot;:&quot;2026-03-09 19:52:37&quot;,&quot;http_code&quot;:206},{&quot;date&quot;:&quot;2026-03-20 02:08:11&quot;,&quot;http_code&quot;:206},{&quot;date&quot;:&quot;2026-04-07 21:41:14&quot;,&quot;http_code&quot;:206},{&quot;date&quot;:&quot;2026-04-14 17:48:50&quot;,&quot;http_code&quot;:206},{&quot;date&quot;:&quot;2026-04-21 08:50:49&quot;,&quot;http_code&quot;:206},{&quot;date&quot;:&quot;2026-04-24 17:35:16&quot;,&quot;http_code&quot;:206}],&quot;broken&quot;:false,&quot;last_checked&quot;:{&quot;date&quot;:&quot;2026-04-24 17:35:16&quot;,&quot;http_code&quot;:206},&quot;process&quot;:&quot;done&quot;}]'><\/div>\n<p>Anche solo cinque anni fa, Andreotti avrebbe subito <a href=\"http:\/\/www.repubblica.it\/politica\/2010\/09\/09\/news\/andreotti_sindona-6903889\/\">detto<\/a> che intendeva \u00abfare riferimento ai gravi rischi ai quali il dottor Ambrosoli si era consapevolmente esposto con il difficile incarico assunto\u00bb, e non che \u00abse l&#8217;era andata a cercare\u00bb.<br \/>\nQuello che mi stupisce \u00e8 che a suo tempo Andreotti aveva definito Michele Sindona &#8220;Il salvatore della lira&#8221;, e nessuno si sia preoccupato della cosa, o perlomeno nessuno ha fatto battute su come vengono trattati i salvatori.<br \/>\n(Inutile dire che in una nazione appena un po&#8217; civile Ambrosoli con ogni probabilit\u00e0 non sarebbe stato ucciso, ma purtroppo su questo non ci si pu\u00f2 purtroppo fare molto)<\/p>\n","protected":false},"excerpt":{"rendered":"<p>Com&#8217;\u00e8 che Andreotti non \u00e8 pi\u00f9 capace di dire subito le cose paludate?<\/p>\n","protected":false},"author":2,"featured_media":0,"comment_status":"closed","ping_status":"closed","sticky":false,"template":"","format":"standard","meta":{"_lmt_disableupdate":"","_lmt_disable":"","jetpack_post_was_ever_published":false,"_jetpack_newsletter_access":"","_jetpack_dont_email_post_to_subs":false,"_jetpack_newsletter_tier_id":0,"_jetpack_memberships_contains_paywalled_content":false,"_jetpack_memberships_contains_paid_content":false,"activitypub_content_warning":"","activitypub_content_visibility":"","activitypub_max_image_attachments":3,"activitypub_interaction_policy_quote":"anyone","activitypub_status":"","footnotes":"","jetpack_publicize_message":"","jetpack_publicize_feature_enabled":true,"jetpack_social_post_already_shared":false,"jetpack_social_options":{"image_generator_settings":{"template":"highway","default_image_id":0,"font":"","enabled":false},"version":2}},"categories":[24],"tags":[],"class_list":["post-8051","post","type-post","status-publish","format-standard","hentry","category-politica"],"modified_by":null,"jetpack_publicize_connections":[],"jetpack_featured_media_url":"","jetpack_shortlink":"https:\/\/wp.me\/p6hcSh-25R","jetpack-related-posts":[{"id":9318,"url":"https:\/\/xmau.com\/wp\/notiziole\/2013\/05\/08\/rispetto\/","url_meta":{"origin":8051,"position":0},"title":"rispetto","author":".mau.","date":"2013-05-08","format":false,"excerpt":"definiamo \"mancare di rispetto\", per favore.","rel":"","context":"In &quot;pipponi&quot;","block_context":{"text":"pipponi","link":"https:\/\/xmau.com\/wp\/notiziole\/category\/pipponi\/"},"img":{"alt_text":"","src":"","width":0,"height":0},"classes":[]},{"id":2110,"url":"https:\/\/xmau.com\/wp\/notiziole\/2002\/11\/19\/andreotti_condannato\/","url_meta":{"origin":8051,"position":1},"title":"Andreotti condannato","author":".mau.","date":"2002-11-19","format":false,"excerpt":"Domenica sera, sorprendendo tutti a partire dallo stesso imputato, il tribunale di Perugia ha condannato in appello a 24 anni il divo Giulio Andreotti - e il boss mafioso Tano Badalamenti, anche se di lui non sembra importare molto a nessuno - per l'omicidio Pecorelli, ribaltando la sentenza di primo\u2026","rel":"","context":"In &quot;2001-02&quot;","block_context":{"text":"2001-02","link":"https:\/\/xmau.com\/wp\/notiziole\/category\/varie\/varie-2001-02\/"},"img":{"alt_text":"","src":"","width":0,"height":0},"classes":[]},{"id":9316,"url":"https:\/\/xmau.com\/wp\/notiziole\/2013\/05\/06\/il_giorno_che_c\/","url_meta":{"origin":8051,"position":2},"title":"il giorno che conobbi Andreotti","author":".mau.","date":"2013-05-06","format":false,"excerpt":"(e feci subito la mia figuraccia)","rel":"","context":"In &quot;io&quot;","block_context":{"text":"io","link":"https:\/\/xmau.com\/wp\/notiziole\/category\/io\/"},"img":{"alt_text":"","src":"","width":0,"height":0},"classes":[]},{"id":3153,"url":"https:\/\/xmau.com\/wp\/notiziole\/2004\/10\/16\/mafia_o_non_mafia\/","url_meta":{"origin":8051,"position":3},"title":"mafia o non mafia","author":".mau.","date":"2004-10-16","format":false,"excerpt":"Andreotti Giulio: un uomo che si \u00e8 ravveduto nel 1980. [leggi...]","rel":"","context":"In &quot;y2004_pipponi&quot;","block_context":{"text":"y2004_pipponi","link":"https:\/\/xmau.com\/wp\/notiziole\/category\/y2004_pipponi\/"},"img":{"alt_text":"","src":"","width":0,"height":0},"classes":[]},{"id":6499,"url":"https:\/\/xmau.com\/wp\/notiziole\/2008\/11\/03\/scherzi_da_divo\/","url_meta":{"origin":8051,"position":4},"title":"Scherzi da Divo","author":".mau.","date":"2008-11-03","format":false,"excerpt":"Sembra impossibile, ma anche Andreotti potrebbe morire.","rel":"","context":"In &quot;pipponi&quot;","block_context":{"text":"pipponi","link":"https:\/\/xmau.com\/wp\/notiziole\/category\/pipponi\/"},"img":{"alt_text":"","src":"","width":0,"height":0},"classes":[]},{"id":4783,"url":"https:\/\/xmau.com\/wp\/notiziole\/2007\/02\/28\/prodi_ci_ha_le_palle\/","url_meta":{"origin":8051,"position":5},"title":"Prodi ci ha le palle","author":".mau.","date":"2007-02-28","format":false,"excerpt":"Non so quanto sia istruttivo seguire i dibattiti sulla fiducia. Certamente \u00e8 illuminante.","rel":"","context":"In &quot;pipponi-2007&quot;","block_context":{"text":"pipponi-2007","link":"https:\/\/xmau.com\/wp\/notiziole\/category\/pipponi\/pipponi-2007\/"},"img":{"alt_text":"","src":"","width":0,"height":0},"classes":[]}],"jetpack_likes_enabled":true,"jetpack_sharing_enabled":true,"_links":{"self":[{"href":"https:\/\/xmau.com\/wp\/notiziole\/wp-json\/wp\/v2\/posts\/8051","targetHints":{"allow":["GET"]}}],"collection":[{"href":"https:\/\/xmau.com\/wp\/notiziole\/wp-json\/wp\/v2\/posts"}],"about":[{"href":"https:\/\/xmau.com\/wp\/notiziole\/wp-json\/wp\/v2\/types\/post"}],"author":[{"embeddable":true,"href":"https:\/\/xmau.com\/wp\/notiziole\/wp-json\/wp\/v2\/users\/2"}],"replies":[{"embeddable":true,"href":"https:\/\/xmau.com\/wp\/notiziole\/wp-json\/wp\/v2\/comments?post=8051"}],"version-history":[{"count":0,"href":"https:\/\/xmau.com\/wp\/notiziole\/wp-json\/wp\/v2\/posts\/8051\/revisions"}],"wp:attachment":[{"href":"https:\/\/xmau.com\/wp\/notiziole\/wp-json\/wp\/v2\/media?parent=8051"}],"wp:term":[{"taxonomy":"category","embeddable":true,"href":"https:\/\/xmau.com\/wp\/notiziole\/wp-json\/wp\/v2\/categories?post=8051"},{"taxonomy":"post_tag","embeddable":true,"href":"https:\/\/xmau.com\/wp\/notiziole\/wp-json\/wp\/v2\/tags?post=8051"}],"curies":[{"name":"wp","href":"https:\/\/api.w.org\/{rel}","templated":true}]}}