{"id":3299,"date":"2005-01-14T10:06:54","date_gmt":"2005-01-14T10:06:54","guid":{"rendered":"http:\/\/xmau.com\/wp\/notiziole\/2005\/01\/14\/formigoni_mi_ascolta\/"},"modified":"2005-01-14T10:06:54","modified_gmt":"2005-01-14T10:06:54","slug":"formigoni_mi_ascolta","status":"publish","type":"post","link":"https:\/\/xmau.com\/wp\/notiziole\/2005\/01\/14\/formigoni_mi_ascolta\/","title":{"rendered":"Formigoni mi ascolta!"},"content":{"rendered":"<p>Avevo scritto ieri sulla differenza tra il Campidoglio e il Pirellone sulla gestione dell&#8217;inquinamento da micropolveri, e subito scopro che con provvida decisione avremo un miniblocco totale (9-12 e 15-18) anche domenica 16, oltre a quattro gioved\u00ec a targhe alterne con orario pi\u00f9 serio, 8-20. Non credo servir\u00e0 a molto, ma almeno qualcosa si muove. Controllare la temperatura nelle case sarebbe forse anche pi\u00f9 utile, ma le vedete voi le Guardie Termiche?<\/p>\n","protected":false},"excerpt":{"rendered":"<p>Anche la Lombardia non fa pi\u00f9 finta di niente e blocca la circolazione. [&#8230;]<\/p>\n","protected":false},"author":2,"featured_media":0,"comment_status":"closed","ping_status":"closed","sticky":false,"template":"","format":"standard","meta":{"_lmt_disableupdate":"","_lmt_disable":"","jetpack_post_was_ever_published":false,"_jetpack_newsletter_access":"","_jetpack_dont_email_post_to_subs":false,"_jetpack_newsletter_tier_id":0,"_jetpack_memberships_contains_paywalled_content":false,"_jetpack_memberships_contains_paid_content":false,"activitypub_content_warning":"","activitypub_content_visibility":"","activitypub_max_image_attachments":3,"activitypub_interaction_policy_quote":"anyone","activitypub_status":"","footnotes":"","jetpack_publicize_message":"","jetpack_publicize_feature_enabled":true,"jetpack_social_post_already_shared":false,"jetpack_social_options":{"image_generator_settings":{"template":"highway","default_image_id":0,"font":"","enabled":false},"version":2}},"categories":[1],"tags":[],"class_list":["post-3299","post","type-post","status-publish","format-standard","hentry","category-uncategorized"],"modified_by":null,"jetpack_publicize_connections":[],"jetpack_featured_media_url":"","jetpack_shortlink":"https:\/\/wp.me\/p6hcSh-Rd","jetpack-related-posts":[{"id":16907,"url":"https:\/\/xmau.com\/wp\/notiziole\/2018\/06\/06\/salvini-il-reaganiano\/","url_meta":{"origin":3299,"position":0},"title":"Salvini il reaganiano","author":".mau.","date":"2018-06-06","format":false,"excerpt":"Non \u00e8 che la frase effettivaente pronunciata da Salvini sia poi cos\u00ec intelligente","rel":"","context":"In &quot;politica&quot;","block_context":{"text":"politica","link":"https:\/\/xmau.com\/wp\/notiziole\/category\/politica\/"},"img":{"alt_text":"","src":"","width":0,"height":0},"classes":[]},{"id":20566,"url":"https:\/\/xmau.com\/wp\/notiziole\/2020\/07\/05\/quizzino-della-domenica-ne-ho-piu-di-te\/","url_meta":{"origin":3299,"position":1},"title":"Quizzino della domenica: Ne ho pi\u00f9 di te!","author":".mau.","date":"2020-07-05","format":false,"excerpt":"Ieri Cecilia \u00e8 stata a una festa dove i bambini potevano vincere tanti regalini. Alla fine della festa era insieme alle sue amiche Judy, Menna e Sofia e l'ho sentita dire \"Ho vinto un premio pi\u00f9 di te!\" A quel punto c'\u00e8 stato un vociare: \"Io ho vinto due premi\u2026","rel":"","context":"In &quot;giochi&quot;","block_context":{"text":"giochi","link":"https:\/\/xmau.com\/wp\/notiziole\/category\/giochi\/"},"img":{"alt_text":"","src":"https:\/\/i0.wp.com\/xmau.com\/wp\/notiziole\/wp-content\/uploads\/sites\/6\/2020\/06\/q459a.png?resize=350%2C200&ssl=1","width":350,"height":200},"classes":[]},{"id":17984,"url":"https:\/\/xmau.com\/wp\/notiziole\/2019\/01\/10\/gli-anziani-condividono-davvero-piu-fake-news-dei-giovani\/","url_meta":{"origin":3299,"position":2},"title":"Gli anziani condividono davvero pi\u00f9 fake news dei giovani?","author":".mau.","date":"2019-01-10","format":false,"excerpt":"non si sa, almeno da quello studio","rel":"","context":"In &quot;povera_matematica&quot;","block_context":{"text":"povera_matematica","link":"https:\/\/xmau.com\/wp\/notiziole\/category\/povera_matematica\/"},"img":{"alt_text":"","src":"","width":0,"height":0},"classes":[]},{"id":4763,"url":"https:\/\/xmau.com\/wp\/notiziole\/2007\/02\/21\/listat_e_linflazione_per_le_famiglie\/","url_meta":{"origin":3299,"position":3},"title":"l&#8217;Istat e l&#8217;inflazione per le famiglie","author":".mau.","date":"2007-02-21","format":false,"excerpt":"Non solo le famiglie povere hanno un'inflazione pi\u00f9 alta di quella ufficiale, ma anche la famiglia media. E lo dice l'Istat stessa!","rel":"","context":"In &quot;sfrucugliate&quot;","block_context":{"text":"sfrucugliate","link":"https:\/\/xmau.com\/wp\/notiziole\/category\/sfrucugliate\/"},"img":{"alt_text":"","src":"","width":0,"height":0},"classes":[]},{"id":17842,"url":"https:\/\/xmau.com\/wp\/notiziole\/2018\/12\/15\/giuseppe-lippi\/","url_meta":{"origin":3299,"position":4},"title":"Giuseppe Lippi","author":".mau.","date":"2018-12-15","format":false,"excerpt":"La seconda ondata dei curatori di fantascienza","rel":"","context":"In &quot;obituary&quot;","block_context":{"text":"obituary","link":"https:\/\/xmau.com\/wp\/notiziole\/category\/obituary\/"},"img":{"alt_text":"","src":"","width":0,"height":0},"classes":[]},{"id":9028,"url":"https:\/\/xmau.com\/wp\/notiziole\/2012\/10\/02\/effetti_dello_s\/","url_meta":{"origin":3299,"position":5},"title":"effetti dello sciopero dei trasporti","author":".mau.","date":"2012-10-02","format":false,"excerpt":"pi\u00f9 strani del previsto","rel":"","context":"In &quot;trasporti&quot;","block_context":{"text":"trasporti","link":"https:\/\/xmau.com\/wp\/notiziole\/category\/trasporti\/"},"img":{"alt_text":"","src":"","width":0,"height":0},"classes":[]}],"jetpack_likes_enabled":true,"jetpack_sharing_enabled":true,"_links":{"self":[{"href":"https:\/\/xmau.com\/wp\/notiziole\/wp-json\/wp\/v2\/posts\/3299","targetHints":{"allow":["GET"]}}],"collection":[{"href":"https:\/\/xmau.com\/wp\/notiziole\/wp-json\/wp\/v2\/posts"}],"about":[{"href":"https:\/\/xmau.com\/wp\/notiziole\/wp-json\/wp\/v2\/types\/post"}],"author":[{"embeddable":true,"href":"https:\/\/xmau.com\/wp\/notiziole\/wp-json\/wp\/v2\/users\/2"}],"replies":[{"embeddable":true,"href":"https:\/\/xmau.com\/wp\/notiziole\/wp-json\/wp\/v2\/comments?post=3299"}],"version-history":[{"count":0,"href":"https:\/\/xmau.com\/wp\/notiziole\/wp-json\/wp\/v2\/posts\/3299\/revisions"}],"wp:attachment":[{"href":"https:\/\/xmau.com\/wp\/notiziole\/wp-json\/wp\/v2\/media?parent=3299"}],"wp:term":[{"taxonomy":"category","embeddable":true,"href":"https:\/\/xmau.com\/wp\/notiziole\/wp-json\/wp\/v2\/categories?post=3299"},{"taxonomy":"post_tag","embeddable":true,"href":"https:\/\/xmau.com\/wp\/notiziole\/wp-json\/wp\/v2\/tags?post=3299"}],"curies":[{"name":"wp","href":"https:\/\/api.w.org\/{rel}","templated":true}]}}