{"id":20797,"date":"2020-07-28T04:04:00","date_gmt":"2020-07-28T02:04:00","guid":{"rendered":"https:\/\/xmau.com\/wp\/notiziole\/?p=20797"},"modified":"2020-07-25T21:45:12","modified_gmt":"2020-07-25T19:45:12","slug":"la-fatica-della-schwa","status":"publish","type":"post","link":"https:\/\/xmau.com\/wp\/notiziole\/2020\/07\/28\/la-fatica-della-schwa\/","title":{"rendered":"La fatica della schwa"},"content":{"rendered":"<div class='__iawmlf-post-loop-links' style='display:none;' data-iawmlf-post-links='[{&quot;id&quot;:3684,&quot;href&quot;:&quot;https:\\\/\\\/drive.google.com\\\/file\\\/d\\\/1n-Ir68BltYj5pdFIMo5Ffd7yk4AQdk9N\\\/view?usp=sharing&quot;,&quot;archived_href&quot;:&quot;&quot;,&quot;redirect_href&quot;:&quot;&quot;,&quot;checks&quot;:[],&quot;broken&quot;:false,&quot;last_checked&quot;:null,&quot;process&quot;:&quot;done&quot;},{&quot;id&quot;:3685,&quot;href&quot;:&quot;https:\\\/\\\/www.lastampa.it\\\/topnews\\\/firme\\\/buongiorno\\\/2020\\\/07\\\/25\\\/news\\\/allarmi-siam-fasciste-1.39122109&quot;,&quot;archived_href&quot;:&quot;http:\\\/\\\/web-wp.archive.org\\\/web\\\/20251218053047\\\/https:\\\/\\\/www.lastampa.it\\\/topnews\\\/firme\\\/buongiorno\\\/2020\\\/07\\\/25\\\/news\\\/allarmi-siam-fasciste-1.39122109\\\/&quot;,&quot;redirect_href&quot;:&quot;&quot;,&quot;checks&quot;:[{&quot;date&quot;:&quot;2026-02-13 14:33:42&quot;,&quot;http_code&quot;:206},{&quot;date&quot;:&quot;2026-02-24 13:04:46&quot;,&quot;http_code&quot;:206},{&quot;date&quot;:&quot;2026-03-04 09:30:48&quot;,&quot;http_code&quot;:206},{&quot;date&quot;:&quot;2026-03-08 03:30:20&quot;,&quot;http_code&quot;:206},{&quot;date&quot;:&quot;2026-03-29 02:20:20&quot;,&quot;http_code&quot;:206},{&quot;date&quot;:&quot;2026-04-11 22:26:25&quot;,&quot;http_code&quot;:206}],&quot;broken&quot;:false,&quot;last_checked&quot;:{&quot;date&quot;:&quot;2026-04-11 22:26:25&quot;,&quot;http_code&quot;:206},&quot;process&quot;:&quot;done&quot;},{&quot;id&quot;:3686,&quot;href&quot;:&quot;https:\\\/\\\/www.facebook.com\\\/wanderingsociolinguist\\\/posts\\\/10158339758660915&quot;,&quot;archived_href&quot;:&quot;http:\\\/\\\/web-wp.archive.org\\\/web\\\/20241204104225\\\/https:\\\/\\\/www.facebook.com\\\/wanderingsociolinguist\\\/posts\\\/10158339758660915&quot;,&quot;redirect_href&quot;:&quot;&quot;,&quot;checks&quot;:[{&quot;date&quot;:&quot;2026-02-24 13:04:45&quot;,&quot;http_code&quot;:400},{&quot;date&quot;:&quot;2026-03-02 21:53:20&quot;,&quot;http_code&quot;:400},{&quot;date&quot;:&quot;2026-04-11 22:26:24&quot;,&quot;http_code&quot;:400}],&quot;broken&quot;:true,&quot;last_checked&quot;:{&quot;date&quot;:&quot;2026-04-11 22:26:24&quot;,&quot;http_code&quot;:400},&quot;process&quot;:&quot;done&quot;}]'><\/div>\n<p><img data-recalc-dims=\"1\" loading=\"lazy\" decoding=\"async\" src=\"https:\/\/i0.wp.com\/xmau.com\/wp\/notiziole\/wp-content\/uploads\/sites\/6\/2020\/07\/schwa.png?resize=405%2C59&#038;ssl=1\" alt=\"\" width=\"405\" height=\"59\" class=\"alignleft size-full wp-image-20798\" srcset=\"https:\/\/i0.wp.com\/xmau.com\/wp\/notiziole\/wp-content\/uploads\/sites\/6\/2020\/07\/schwa.png?w=405&amp;ssl=1 405w, https:\/\/i0.wp.com\/xmau.com\/wp\/notiziole\/wp-content\/uploads\/sites\/6\/2020\/07\/schwa.png?resize=300%2C44&amp;ssl=1 300w\" sizes=\"auto, (max-width: 405px) 100vw, 405px\" \/> Sabato scorso la rubrica <i>Buongiorno<\/i> di Mattia Feltri <a href=\"https:\/\/drive.google.com\/file\/d\/1n-Ir68BltYj5pdFIMo5Ffd7yk4AQdk9N\/view?usp=sharing\">\u00e8 apparsa in pdf sul sito<\/a>. (L&#8217;ho scoperto preparando questo post: in realt\u00e0 sono su in montagna e per pluridecennale abitudine acquisto la Busiarda, quindi l&#8217;ho letta in cartaceo). Il motivo <a href=\"https:\/\/www.lastampa.it\/topnews\/firme\/buongiorno\/2020\/07\/25\/news\/allarmi-siam-fasciste-1.39122109\">&#8220;di carattere tecnico&#8221;<\/a>? Semplice: probabilmente per la prima volta nella prima pagina di un quotidiano a carattere nazionale, appariva &#8211; persino nel titolo! &#8211; una schwa. Il titolo in questione \u00e8 infatti &#8220;Allarmi siam fascist\u0259&#8221; e veniva preso in giro l&#8217;uso del carattere neutro suggerito su Facebook da &#8220;un&#8217;accademica della Crusca&#8221;, promuovendo sul campo <a href=\"https:\/\/www.facebook.com\/wanderingsociolinguist\/posts\/10158339758660915\">l&#8217;ottima Vera Gheno<\/a>.<\/p>\n<p>Non ho ben capito la difficolt\u00e0 di uare una schwa in una pagina web, ma comprendo il problema pratico della pronuncia. Pi\u00f9 che altro vorrei per\u00f2 fare una proposta per evitare il maschile sovraesteso: introduciamo seriamente il neutro plurale in -a. Dunque avremmo &#8220;le ministra&#8221; esattamente come &#8220;le uova&#8221; (o &#8220;le terga&#8221;). Almeno per i nomi in -o\/-a il problema non si pone. Riconosco che ci sono ancora margini di miglioramento: il plurale di &#8220;veggente&#8221; (che adesso \u00e8 &#8220;veggenti&#8221; sia al maschile che al femminile) non pu\u00f2 banalmente usare l&#8217;articolo &#8220;le&#8221; perch\u00e9 altrimenti passeremmo dal maschile sovraesteso al femminile sovraesteso. Ma non posso mica trovare le soluzioni tutte io! <\/p>\n","protected":false},"excerpt":{"rendered":"<p>Come si pu\u00f2 ovviare al maschile sovraesteso?<\/p>\n","protected":false},"author":2,"featured_media":0,"comment_status":"open","ping_status":"open","sticky":false,"template":"","format":"standard","meta":{"_lmt_disableupdate":"","_lmt_disable":"","jetpack_post_was_ever_published":false,"_jetpack_newsletter_access":"","_jetpack_dont_email_post_to_subs":false,"_jetpack_newsletter_tier_id":0,"_jetpack_memberships_contains_paywalled_content":false,"_jetpack_memberships_contains_paid_content":false,"activitypub_content_warning":"","activitypub_content_visibility":"","activitypub_max_image_attachments":3,"activitypub_interaction_policy_quote":"anyone","activitypub_status":"","footnotes":"","jetpack_publicize_message":"","jetpack_publicize_feature_enabled":true,"jetpack_social_post_already_shared":true,"jetpack_social_options":{"image_generator_settings":{"template":"highway","default_image_id":0,"font":"","enabled":false},"version":2}},"categories":[18],"tags":[],"class_list":["post-20797","post","type-post","status-publish","format-standard","hentry","category-relax"],"modified_by":".mau.","jetpack_publicize_connections":[],"jetpack_featured_media_url":"","jetpack_shortlink":"https:\/\/wp.me\/p6hcSh-5pr","jetpack-related-posts":[{"id":22950,"url":"https:\/\/xmau.com\/wp\/notiziole\/2021\/09\/23\/i-limiti-del-software\/","url_meta":{"origin":20797,"position":0},"title":"I limiti del software","author":".mau.","date":"2021-09-23","format":false,"excerpt":"o forse il non avere idea del da farsi.","rel":"","context":"In &quot;italica_stampa&quot;","block_context":{"text":"italica_stampa","link":"https:\/\/xmau.com\/wp\/notiziole\/category\/italica_stampa\/"},"img":{"alt_text":"","src":"https:\/\/i0.wp.com\/xmau.com\/wp\/notiziole\/wp-content\/uploads\/sites\/6\/2021\/09\/schwa.png?resize=350%2C200&ssl=1","width":350,"height":200,"srcset":"https:\/\/i0.wp.com\/xmau.com\/wp\/notiziole\/wp-content\/uploads\/sites\/6\/2021\/09\/schwa.png?resize=350%2C200&ssl=1 1x, https:\/\/i0.wp.com\/xmau.com\/wp\/notiziole\/wp-content\/uploads\/sites\/6\/2021\/09\/schwa.png?resize=525%2C300&ssl=1 1.5x"},"classes":[]},{"id":22748,"url":"https:\/\/xmau.com\/wp\/notiziole\/2021\/09\/03\/contro-lo-schwa\/","url_meta":{"origin":20797,"position":1},"title":"Contro lo schwa","author":".mau.","date":"2021-09-03","format":false,"excerpt":"\u00e8 la risposta sbagliata a un problema reale","rel":"","context":"In &quot;pipponi&quot;","block_context":{"text":"pipponi","link":"https:\/\/xmau.com\/wp\/notiziole\/category\/pipponi\/"},"img":{"alt_text":"","src":"","width":0,"height":0},"classes":[]},{"id":23015,"url":"https:\/\/xmau.com\/wp\/notiziole\/2021\/10\/01\/statistiche-del-sito-per-settembre-2021\/","url_meta":{"origin":20797,"position":2},"title":"Statistiche del sito per settembre 2021","author":".mau.","date":"2021-10-01","format":false,"excerpt":"cuc\u00f9? c'\u00e8 nessuno?","rel":"","context":"In &quot;admin&quot;","block_context":{"text":"admin","link":"https:\/\/xmau.com\/wp\/notiziole\/category\/admin\/"},"img":{"alt_text":"","src":"","width":0,"height":0},"classes":[]},{"id":21000,"url":"https:\/\/xmau.com\/wp\/notiziole\/2020\/09\/03\/statistiche-del-sito-per-agosto-2020\/","url_meta":{"origin":20797,"position":3},"title":"Statistiche del sito per agosto 2020","author":".mau.","date":"2020-09-03","format":false,"excerpt":"calma piatta","rel":"","context":"In &quot;admin&quot;","block_context":{"text":"admin","link":"https:\/\/xmau.com\/wp\/notiziole\/category\/admin\/"},"img":{"alt_text":"","src":"","width":0,"height":0},"classes":[]},{"id":20831,"url":"https:\/\/xmau.com\/wp\/notiziole\/2020\/08\/04\/statistiche-del-sito-per-luglio-2020\/","url_meta":{"origin":20797,"position":4},"title":"Statistiche del sito per luglio 2020","author":".mau.","date":"2020-08-04","format":false,"excerpt":"calma piatta","rel":"","context":"In &quot;admin&quot;","block_context":{"text":"admin","link":"https:\/\/xmau.com\/wp\/notiziole\/category\/admin\/"},"img":{"alt_text":"","src":"","width":0,"height":0},"classes":[]},{"id":29159,"url":"https:\/\/xmau.com\/wp\/notiziole\/2024\/06\/22\/dentro-lalgoritmo-libro\/","url_meta":{"origin":20797,"position":5},"title":"Dentro l&#8217;algoritmo (libro)","author":".mau.","date":"2024-06-22","format":false,"excerpt":"mezza delusione","rel":"","context":"In &quot;rec-2024&quot;","block_context":{"text":"rec-2024","link":"https:\/\/xmau.com\/wp\/notiziole\/category\/recensioni\/recensioni-2024\/"},"img":{"alt_text":"","src":"https:\/\/i0.wp.com\/xmau.com\/wp\/notiziole\/wp-content\/uploads\/sites\/6\/2024\/06\/9791280263490-.jpg?resize=350%2C200&ssl=1","width":350,"height":200},"classes":[]}],"jetpack_likes_enabled":true,"jetpack_sharing_enabled":true,"_links":{"self":[{"href":"https:\/\/xmau.com\/wp\/notiziole\/wp-json\/wp\/v2\/posts\/20797","targetHints":{"allow":["GET"]}}],"collection":[{"href":"https:\/\/xmau.com\/wp\/notiziole\/wp-json\/wp\/v2\/posts"}],"about":[{"href":"https:\/\/xmau.com\/wp\/notiziole\/wp-json\/wp\/v2\/types\/post"}],"author":[{"embeddable":true,"href":"https:\/\/xmau.com\/wp\/notiziole\/wp-json\/wp\/v2\/users\/2"}],"replies":[{"embeddable":true,"href":"https:\/\/xmau.com\/wp\/notiziole\/wp-json\/wp\/v2\/comments?post=20797"}],"version-history":[{"count":2,"href":"https:\/\/xmau.com\/wp\/notiziole\/wp-json\/wp\/v2\/posts\/20797\/revisions"}],"predecessor-version":[{"id":20800,"href":"https:\/\/xmau.com\/wp\/notiziole\/wp-json\/wp\/v2\/posts\/20797\/revisions\/20800"}],"wp:attachment":[{"href":"https:\/\/xmau.com\/wp\/notiziole\/wp-json\/wp\/v2\/media?parent=20797"}],"wp:term":[{"taxonomy":"category","embeddable":true,"href":"https:\/\/xmau.com\/wp\/notiziole\/wp-json\/wp\/v2\/categories?post=20797"},{"taxonomy":"post_tag","embeddable":true,"href":"https:\/\/xmau.com\/wp\/notiziole\/wp-json\/wp\/v2\/tags?post=20797"}],"curies":[{"name":"wp","href":"https:\/\/api.w.org\/{rel}","templated":true}]}}