{"id":20688,"date":"2020-07-02T19:16:44","date_gmt":"2020-07-02T17:16:44","guid":{"rendered":"https:\/\/xmau.com\/wp\/notiziole\/?p=20688"},"modified":"2020-07-02T19:16:44","modified_gmt":"2020-07-02T17:16:44","slug":"a-qualche-universitario-interessa-prime-student","status":"publish","type":"post","link":"https:\/\/xmau.com\/wp\/notiziole\/2020\/07\/02\/a-qualche-universitario-interessa-prime-student\/","title":{"rendered":"A qualche universitario interessa Prime Student?"},"content":{"rendered":"<div class='__iawmlf-post-loop-links' style='display:none;' data-iawmlf-post-links='[{&quot;id&quot;:3720,&quot;href&quot;:&quot;https:\\\/\\\/www.amazon.it\\\/b?node=21671256031&amp;tag=ID_affiliato-21&amp;ref_=pe_9442091_482434291&quot;,&quot;archived_href&quot;:&quot;&quot;,&quot;redirect_href&quot;:&quot;&quot;,&quot;checks&quot;:[],&quot;broken&quot;:false,&quot;last_checked&quot;:null,&quot;process&quot;:&quot;done&quot;}]'><\/div>\n<p>Come forse sapete, se comprate libri (o qualunque altra cosa, a dire il vero) su Amazon dopo aver cliccato sul link a uno dei libri che recensisco io guadagno una piccola commissione. \u00c8 la mia unica concessione alla pubblicit\u00e0 su questo sito, considerando che tanto non la si vede: evito anche accuratamente tutti gli altri banner di Amazon che ogni tanto mi vengono proposti. <\/p>\n<p>Stavolta faccio un&#8217;eccezione per Prime Student, che \u00e8 riservato agli studenti universitari e costa la met\u00e0 di Amazon Prime (insomma, 18 euro l&#8217;anno). Considerato che da bravi pusher danno anche uno sconto di 10 euro, magari a qualcuno interessa. Nel caso, partite <a href=\"https:\/\/www.amazon.it\/b?node=21671256031&#038;tag=ID_affiliato-21&#038;ref_=pe_9442091_482434291\">dal mio referrer<\/a>, ch\u00e9 danno du&#8217; spicci anche a me :-)<\/p>\n","protected":false},"excerpt":{"rendered":"<p>annuncio pubblicitario<\/p>\n","protected":false},"author":2,"featured_media":0,"comment_status":"open","ping_status":"open","sticky":false,"template":"","format":"standard","meta":{"_lmt_disableupdate":"","_lmt_disable":"","jetpack_post_was_ever_published":false,"_jetpack_newsletter_access":"","_jetpack_dont_email_post_to_subs":false,"_jetpack_newsletter_tier_id":0,"_jetpack_memberships_contains_paywalled_content":false,"_jetpack_memberships_contains_paid_content":false,"activitypub_content_warning":"","activitypub_content_visibility":"","activitypub_max_image_attachments":3,"activitypub_interaction_policy_quote":"anyone","activitypub_status":"","footnotes":"","jetpack_publicize_message":"A qualche universitario interessa Prime Student?","jetpack_publicize_feature_enabled":true,"jetpack_social_post_already_shared":true,"jetpack_social_options":{"image_generator_settings":{"template":"highway","default_image_id":0,"font":"","enabled":false},"version":2}},"categories":[2],"tags":[],"class_list":["post-20688","post","type-post","status-publish","format-standard","hentry","category-admin"],"modified_by":".mau.","jetpack_publicize_connections":[],"jetpack_featured_media_url":"","jetpack_shortlink":"https:\/\/wp.me\/p6hcSh-5nG","jetpack-related-posts":[{"id":19276,"url":"https:\/\/xmau.com\/wp\/notiziole\/2019\/09\/23\/amazon-prime-student\/","url_meta":{"origin":20688,"position":0},"title":"Amazon Prime Student","author":".mau.","date":"2019-09-23","format":false,"excerpt":"piccolo spazio pubblicit\u00e0","rel":"","context":"In &quot;link&quot;","block_context":{"text":"link","link":"https:\/\/xmau.com\/wp\/notiziole\/category\/link\/"},"img":{"alt_text":"","src":"","width":0,"height":0},"classes":[]},{"id":13692,"url":"https:\/\/xmau.com\/wp\/notiziole\/2016\/09\/05\/a-cosa-serve-amazon-prime\/","url_meta":{"origin":20688,"position":1},"title":"A cosa serve Amazon Prime?","author":".mau.","date":"2016-09-05","format":false,"excerpt":"A tutto, a quanto pare","rel":"","context":"In &quot;curiosita'&quot;","block_context":{"text":"curiosita'","link":"https:\/\/xmau.com\/wp\/notiziole\/category\/curiosita\/"},"img":{"alt_text":"amazon","src":"https:\/\/i0.wp.com\/xmau.com\/wp\/notiziole\/wp-content\/uploads\/sites\/6\/2016\/09\/amazon-300x79.png?resize=350%2C200","width":350,"height":200},"classes":[]},{"id":17722,"url":"https:\/\/xmau.com\/wp\/notiziole\/2018\/11\/23\/caro-bezos-ti-rispondo\/","url_meta":{"origin":20688,"position":2},"title":"Caro Bezos, ti rispondo","author":".mau.","date":"2018-11-23","format":false,"excerpt":"siamo messi cos\u00ec male con Amazon prime?","rel":"","context":"In &quot;socialcosi e internet&quot;","block_context":{"text":"socialcosi e internet","link":"https:\/\/xmau.com\/wp\/notiziole\/category\/socialcosi\/"},"img":{"alt_text":"","src":"https:\/\/i0.wp.com\/xmau.com\/wp\/notiziole\/wp-content\/uploads\/sites\/6\/2018\/11\/primevideo-300x169.jpg?resize=350%2C200","width":350,"height":200},"classes":[]},{"id":13242,"url":"https:\/\/xmau.com\/wp\/notiziole\/2016\/06\/07\/le-nuove-politiche-amazon\/","url_meta":{"origin":20688,"position":3},"title":"Le nuove politiche  Amazon","author":".mau.","date":"2016-06-07","format":false,"excerpt":"Sono molto peggiorate.","rel":"","context":"In &quot;pipponi&quot;","block_context":{"text":"pipponi","link":"https:\/\/xmau.com\/wp\/notiziole\/category\/pipponi\/"},"img":{"alt_text":"","src":"","width":0,"height":0},"classes":[]},{"id":11885,"url":"https:\/\/xmau.com\/wp\/notiziole\/2015\/09\/13\/chiude-la-celid\/","url_meta":{"origin":20688,"position":4},"title":"Chiude la Celid","author":".mau.","date":"2015-09-13","format":false,"excerpt":"L'ho saputo ieri sera da Massimo Manca: la Celid chiude. All'improvviso, visto che qui si pu\u00f2 leggere il comunicato stampa datato 11 settembre. La Cooperativa Editrice Libraria di Informazione Democratica (questo \u00e8 il nome completo) per la maggior parte di voi non significher\u00e0 nulla, ma per un torinese come me\u2026","rel":"","context":"In &quot;io&quot;","block_context":{"text":"io","link":"https:\/\/xmau.com\/wp\/notiziole\/category\/io\/"},"img":{"alt_text":"","src":"","width":0,"height":0},"classes":[]},{"id":8727,"url":"https:\/\/xmau.com\/wp\/notiziole\/2012\/01\/24\/chi_genera_i_da\/","url_meta":{"origin":20688,"position":5},"title":"Chi genera i dati?","author":".mau.","date":"2012-01-24","format":false,"excerpt":"il guaio dei dati proprietari, soprattutto quando non si \u00e8 nemmeno i veri proprietari...","rel":"","context":"In &quot;IA e informatica&quot;","block_context":{"text":"IA e informatica","link":"https:\/\/xmau.com\/wp\/notiziole\/category\/ia\/"},"img":{"alt_text":"","src":"","width":0,"height":0},"classes":[]}],"jetpack_likes_enabled":true,"jetpack_sharing_enabled":true,"_links":{"self":[{"href":"https:\/\/xmau.com\/wp\/notiziole\/wp-json\/wp\/v2\/posts\/20688","targetHints":{"allow":["GET"]}}],"collection":[{"href":"https:\/\/xmau.com\/wp\/notiziole\/wp-json\/wp\/v2\/posts"}],"about":[{"href":"https:\/\/xmau.com\/wp\/notiziole\/wp-json\/wp\/v2\/types\/post"}],"author":[{"embeddable":true,"href":"https:\/\/xmau.com\/wp\/notiziole\/wp-json\/wp\/v2\/users\/2"}],"replies":[{"embeddable":true,"href":"https:\/\/xmau.com\/wp\/notiziole\/wp-json\/wp\/v2\/comments?post=20688"}],"version-history":[{"count":1,"href":"https:\/\/xmau.com\/wp\/notiziole\/wp-json\/wp\/v2\/posts\/20688\/revisions"}],"predecessor-version":[{"id":20689,"href":"https:\/\/xmau.com\/wp\/notiziole\/wp-json\/wp\/v2\/posts\/20688\/revisions\/20689"}],"wp:attachment":[{"href":"https:\/\/xmau.com\/wp\/notiziole\/wp-json\/wp\/v2\/media?parent=20688"}],"wp:term":[{"taxonomy":"category","embeddable":true,"href":"https:\/\/xmau.com\/wp\/notiziole\/wp-json\/wp\/v2\/categories?post=20688"},{"taxonomy":"post_tag","embeddable":true,"href":"https:\/\/xmau.com\/wp\/notiziole\/wp-json\/wp\/v2\/tags?post=20688"}],"curies":[{"name":"wp","href":"https:\/\/api.w.org\/{rel}","templated":true}]}}