{"id":19317,"date":"2019-10-01T10:46:40","date_gmt":"2019-10-01T08:46:40","guid":{"rendered":"https:\/\/xmau.com\/wp\/notiziole\/?p=19317"},"modified":"2019-10-01T13:48:28","modified_gmt":"2019-10-01T11:48:28","slug":"grandi-errori","status":"publish","type":"post","link":"https:\/\/xmau.com\/wp\/notiziole\/2019\/10\/01\/grandi-errori\/","title":{"rendered":"Grandi errori"},"content":{"rendered":"<div class='__iawmlf-post-loop-links' style='display:none;' data-iawmlf-post-links='[{&quot;id&quot;:4271,&quot;href&quot;:&quot;https:\\\/\\\/www.adnkronos.com\\\/fatti\\\/politica\\\/2019\\\/09\\\/29\\\/morani-ius-culturae-ora-grande-errore_aTPae5NBwCth3NdvnaPJFO.html&quot;,&quot;archived_href&quot;:&quot;http:\\\/\\\/web-wp.archive.org\\\/web\\\/20191207185551\\\/https:\\\/\\\/www.adnkronos.com\\\/fatti\\\/politica\\\/2019\\\/09\\\/29\\\/morani-ius-culturae-ora-grande-errore_aTPae5NBwCth3NdvnaPJFO.html&quot;,&quot;redirect_href&quot;:&quot;&quot;,&quot;checks&quot;:[{&quot;date&quot;:&quot;2026-02-13 21:50:19&quot;,&quot;http_code&quot;:503},{&quot;date&quot;:&quot;2026-03-04 23:38:12&quot;,&quot;http_code&quot;:503},{&quot;date&quot;:&quot;2026-03-27 20:15:59&quot;,&quot;http_code&quot;:404},{&quot;date&quot;:&quot;2026-04-10 06:45:22&quot;,&quot;http_code&quot;:404},{&quot;date&quot;:&quot;2026-04-20 07:29:59&quot;,&quot;http_code&quot;:503},{&quot;date&quot;:&quot;2026-04-25 06:26:05&quot;,&quot;http_code&quot;:404}],&quot;broken&quot;:true,&quot;last_checked&quot;:{&quot;date&quot;:&quot;2026-04-25 06:26:05&quot;,&quot;http_code&quot;:404},&quot;process&quot;:&quot;done&quot;},{&quot;id&quot;:4272,&quot;href&quot;:&quot;https:\\\/\\\/www.corriere.it\\\/cronache\\\/19_settembre_30\\\/reddito-all-ex-br-non-ne-ha-bisognolo-lasci-veri-poveri-3fc0ab12-e3b4-11e9-8ead-3e29b17af838.shtml&quot;,&quot;archived_href&quot;:&quot;http:\\\/\\\/web-wp.archive.org\\\/web\\\/20220925173754\\\/https:\\\/\\\/www.corriere.it\\\/cronache\\\/19_settembre_30\\\/reddito-all-ex-br-non-ne-ha-bisognolo-lasci-veri-poveri-3fc0ab12-e3b4-11e9-8ead-3e29b17af838.shtml&quot;,&quot;redirect_href&quot;:&quot;&quot;,&quot;checks&quot;:[{&quot;date&quot;:&quot;2026-02-13 21:50:22&quot;,&quot;http_code&quot;:206},{&quot;date&quot;:&quot;2026-03-04 23:38:08&quot;,&quot;http_code&quot;:206},{&quot;date&quot;:&quot;2026-03-17 17:13:55&quot;,&quot;http_code&quot;:206},{&quot;date&quot;:&quot;2026-04-20 07:29:49&quot;,&quot;http_code&quot;:206},{&quot;date&quot;:&quot;2026-04-25 06:25:59&quot;,&quot;http_code&quot;:206}],&quot;broken&quot;:false,&quot;last_checked&quot;:{&quot;date&quot;:&quot;2026-04-25 06:25:59&quot;,&quot;http_code&quot;:206},&quot;process&quot;:&quot;done&quot;}]'><\/div>\n<p>L&#8217;altro giorno la parlamentare PD Alessia Morani <a href=\"https:\/\/www.adnkronos.com\/fatti\/politica\/2019\/09\/29\/morani-ius-culturae-ora-grande-errore_aTPae5NBwCth3NdvnaPJFO.html\">ha dichiarato<\/a> &#8220;Premetto che lo ius culturae \u00e8 un principio sacrosanto ed una legge di grande civilt\u00e0 ma riprendere ora il dibattito sull\u2019approvazione di questo provvedimento \u00e8 un errore. Una legge di questo tipo deve essere approvata solo dopo avere dimostrato che c\u2019\u00e8 un modo efficace e diverso da quello di Salvini di governare i flussi migratori e di fare sul serio politiche di integrazione.&#8221;<\/p>\n<p>Ora, dire &#8220;non vogliamo i migranti&#8221; \u00e8 una posizione politica, che si pu\u00f2 condividere o no. Dire &#8220;io vorrei far entrare i migranti, ma non lo faccio perch\u00e9 la gente non lo vuole&#8221; \u00e8 un&#8217;idiozia sesquipedale per l&#8217;ottima ragione che a questo punto tu politico non hai pi\u00f9 ragione di esistere: come diceva sempre Berlusconi, si fanno i sondaggi e ci si posiziona automaticamente l\u00ec (Berlusconi inoltre aveva almeno il buon gusto di non dire che lui avrebbe fatto qualcosa di diverso). Il tutto tralasciando la banale considerazione che chi arriva con i barconi con ogni probabilit\u00e0 non entrerebbe nelle maglie dello ius culturae: al massimo lo potranno essere i suoi figli. (Nota a latere: mentre ho dei dubbi sullo ius soli, ritengo che lo ius culturae abbia senso, perch\u00e9 in questo modo non si \u00e8 pi\u00f9 estranei a quello che pensa chi \u00e8 gi\u00e0 italiano. Ma come dicevo, qui stiamo parlando di idee personali, non di politica)<\/p>\n<p>In una notizia solo apparentemente scorrelata, Olga D&#8217;Antona <a href=\"https:\/\/www.corriere.it\/cronache\/19_settembre_30\/reddito-all-ex-br-non-ne-ha-bisognolo-lasci-veri-poveri-3fc0ab12-e3b4-11e9-8ead-3e29b17af838.shtml\">protesta<\/a> contro il reddito di cittadinanza ottenuto dalla brigatista Federica Saraceni che uccise suo marito. Il virgolettato: \u00abNon sempre ci\u00f2 che \u00e8 legale \u00e8 anche giusto\u00bb. L&#8217;amarezza della vedova D&#8217;Antona \u00e8 comprensibile, ma quella frase no. Di nuovo, possiamo discutere sul fatto che Saraceni sia fuori di prigione (io non ne parlo perch\u00e9 non ho dati a disposizione per farmi un&#8217;idea). Ma il reddito di cittadinanza nasce per chi non ha altri redditi ed \u00e8 disposto a cercare lavoro: se Saraceni \u00e8 in queste condizioni ha diritto a quei soldi, che non sono stati pensati controllando anche la fedina penale. <\/p>\n<p>A me preoccupa molto pi\u00f9 questa deriva che vedere gente ignorante. Se qualcuno non sa, c&#8217;\u00e8 sempre la possibilit\u00e0 che possa imparare e poi avere un&#8217;opinione informata&#8230;<\/p>\n","protected":false},"excerpt":{"rendered":"<p>l&#8217;imbarbarimento continua<\/p>\n","protected":false},"author":2,"featured_media":0,"comment_status":"open","ping_status":"open","sticky":false,"template":"","format":"standard","meta":{"_lmt_disableupdate":"","_lmt_disable":"","jetpack_post_was_ever_published":false,"_jetpack_newsletter_access":"","_jetpack_dont_email_post_to_subs":false,"_jetpack_newsletter_tier_id":0,"_jetpack_memberships_contains_paywalled_content":false,"_jetpack_memberships_contains_paid_content":false,"activitypub_content_warning":"","activitypub_content_visibility":"","activitypub_max_image_attachments":3,"activitypub_interaction_policy_quote":"anyone","activitypub_status":"","footnotes":"","jetpack_publicize_message":"","jetpack_publicize_feature_enabled":true,"jetpack_social_post_already_shared":true,"jetpack_social_options":{"image_generator_settings":{"template":"highway","default_image_id":0,"font":"","enabled":false},"version":2}},"categories":[24],"tags":[],"class_list":["post-19317","post","type-post","status-publish","format-standard","hentry","category-politica"],"modified_by":".mau.","jetpack_publicize_connections":[],"jetpack_featured_media_url":"","jetpack_shortlink":"https:\/\/wp.me\/p6hcSh-51z","jetpack-related-posts":[{"id":6018,"url":"https:\/\/xmau.com\/wp\/notiziole\/2008\/05\/10\/primo_giorno_di\/","url_meta":{"origin":19317,"position":0},"title":"Primo giorno di governo","author":".mau.","date":"2008-05-10","format":false,"excerpt":"Certe dichiarazioni programmatiche dei neoministri mi fanno davvero paura","rel":"","context":"In &quot;politica&quot;","block_context":{"text":"politica","link":"https:\/\/xmau.com\/wp\/notiziole\/category\/politica\/"},"img":{"alt_text":"","src":"","width":0,"height":0},"classes":[]},{"id":7044,"url":"https:\/\/xmau.com\/wp\/notiziole\/2009\/04\/29\/povero_silvio_2\/","url_meta":{"origin":19317,"position":1},"title":"Povero Silvio!","author":".mau.","date":"2009-04-29","format":false,"excerpt":"Perch\u00e9 ci si lamenta anche quando Berlusconi dice cose vere?","rel":"","context":"In &quot;politica&quot;","block_context":{"text":"politica","link":"https:\/\/xmau.com\/wp\/notiziole\/category\/politica\/"},"img":{"alt_text":"","src":"","width":0,"height":0},"classes":[]},{"id":13807,"url":"https:\/\/xmau.com\/wp\/notiziole\/2016\/10\/03\/referendum-4\/","url_meta":{"origin":19317,"position":2},"title":"Referendum","author":".mau.","date":"2016-10-03","format":false,"excerpt":"No, non quello costituzionale italiano","rel":"","context":"In &quot;politica&quot;","block_context":{"text":"politica","link":"https:\/\/xmau.com\/wp\/notiziole\/category\/politica\/"},"img":{"alt_text":"","src":"","width":0,"height":0},"classes":[]},{"id":19207,"url":"https:\/\/xmau.com\/wp\/notiziole\/2019\/09\/11\/povero-salvini\/","url_meta":{"origin":19317,"position":3},"title":"Povero Salvini","author":".mau.","date":"2019-09-11","format":false,"excerpt":"l'unica volta che ha fatto qualcosa non gli verr\u00e0 riconosciuto...","rel":"","context":"In &quot;politica&quot;","block_context":{"text":"politica","link":"https:\/\/xmau.com\/wp\/notiziole\/category\/politica\/"},"img":{"alt_text":"","src":"","width":0,"height":0},"classes":[]},{"id":7479,"url":"https:\/\/xmau.com\/wp\/notiziole\/2009\/10\/26\/perche_marrazzo\/","url_meta":{"origin":19317,"position":4},"title":"Perch\u00e9 Marrazzo s\u00ec e Berlusconi no?","author":".mau.","date":"2009-10-26","format":false,"excerpt":"Il problema nel caso Marrazzo \u00e8 il ricatto tenuto nascosto, non l'andare a trans.","rel":"","context":"In &quot;politica&quot;","block_context":{"text":"politica","link":"https:\/\/xmau.com\/wp\/notiziole\/category\/politica\/"},"img":{"alt_text":"","src":"","width":0,"height":0},"classes":[]},{"id":9064,"url":"https:\/\/xmau.com\/wp\/notiziole\/2012\/11\/07\/425\/","url_meta":{"origin":19317,"position":5},"title":"42,5%","author":".mau.","date":"2012-11-07","format":false,"excerpt":"io delle ragioni politiche per la soglia prima del premio di maggioranza me ne frego.","rel":"","context":"In &quot;politica&quot;","block_context":{"text":"politica","link":"https:\/\/xmau.com\/wp\/notiziole\/category\/politica\/"},"img":{"alt_text":"","src":"","width":0,"height":0},"classes":[]}],"jetpack_likes_enabled":true,"jetpack_sharing_enabled":true,"_links":{"self":[{"href":"https:\/\/xmau.com\/wp\/notiziole\/wp-json\/wp\/v2\/posts\/19317","targetHints":{"allow":["GET"]}}],"collection":[{"href":"https:\/\/xmau.com\/wp\/notiziole\/wp-json\/wp\/v2\/posts"}],"about":[{"href":"https:\/\/xmau.com\/wp\/notiziole\/wp-json\/wp\/v2\/types\/post"}],"author":[{"embeddable":true,"href":"https:\/\/xmau.com\/wp\/notiziole\/wp-json\/wp\/v2\/users\/2"}],"replies":[{"embeddable":true,"href":"https:\/\/xmau.com\/wp\/notiziole\/wp-json\/wp\/v2\/comments?post=19317"}],"version-history":[{"count":2,"href":"https:\/\/xmau.com\/wp\/notiziole\/wp-json\/wp\/v2\/posts\/19317\/revisions"}],"predecessor-version":[{"id":19319,"href":"https:\/\/xmau.com\/wp\/notiziole\/wp-json\/wp\/v2\/posts\/19317\/revisions\/19319"}],"wp:attachment":[{"href":"https:\/\/xmau.com\/wp\/notiziole\/wp-json\/wp\/v2\/media?parent=19317"}],"wp:term":[{"taxonomy":"category","embeddable":true,"href":"https:\/\/xmau.com\/wp\/notiziole\/wp-json\/wp\/v2\/categories?post=19317"},{"taxonomy":"post_tag","embeddable":true,"href":"https:\/\/xmau.com\/wp\/notiziole\/wp-json\/wp\/v2\/tags?post=19317"}],"curies":[{"name":"wp","href":"https:\/\/api.w.org\/{rel}","templated":true}]}}