{"id":18709,"date":"2019-05-14T09:11:12","date_gmt":"2019-05-14T07:11:12","guid":{"rendered":"http:\/\/xmau.com\/wp\/notiziole\/?p=18709"},"modified":"2019-05-14T09:13:36","modified_gmt":"2019-05-14T07:13:36","slug":"carnevale-della-matematica-129-goto-scienza-e-musica","status":"publish","type":"post","link":"https:\/\/xmau.com\/wp\/notiziole\/2019\/05\/14\/carnevale-della-matematica-129-goto-scienza-e-musica\/","title":{"rendered":"Carnevale della matematica #129: GOTO Scienza e musica"},"content":{"rendered":"<div class='__iawmlf-post-loop-links' style='display:none;' data-iawmlf-post-links='[{&quot;id&quot;:4468,&quot;href&quot;:&quot;https:\\\/\\\/scienzaemusica.blogspot.com\\\/2019\\\/05\\\/carnevale-della-matematica-129-la.html&quot;,&quot;archived_href&quot;:&quot;http:\\\/\\\/web-wp.archive.org\\\/web\\\/20251114085601\\\/https:\\\/\\\/scienzaemusica.blogspot.com\\\/2019\\\/05\\\/carnevale-della-matematica-129-la.html&quot;,&quot;redirect_href&quot;:&quot;&quot;,&quot;checks&quot;:[{&quot;date&quot;:&quot;2026-02-14 01:03:40&quot;,&quot;http_code&quot;:200},{&quot;date&quot;:&quot;2026-03-05 00:40:05&quot;,&quot;http_code&quot;:200},{&quot;date&quot;:&quot;2026-03-28 01:59:38&quot;,&quot;http_code&quot;:200}],&quot;broken&quot;:false,&quot;last_checked&quot;:{&quot;date&quot;:&quot;2026-03-28 01:59:38&quot;,&quot;http_code&quot;:200},&quot;process&quot;:&quot;done&quot;}]'><\/div>\n<p>Il tema del mese era &#8220;Matematica del XVIII e XIX secolo&#8221;, e io ovviamente non l&#8217;ho seguito; ma altri s\u00ec, e soprattutto il tenutario de Carnevale ha fatto un lungo racconto storico. Quindi <a href=\"https:\/\/scienzaemusica.blogspot.com\/2019\/05\/carnevale-della-matematica-129-la.html\">andate da Leonardo Petrillo<\/a> e beatevi!<\/p>\n","protected":false},"excerpt":{"rendered":"<p>Il tema del mese era &#8220;Matematica del XVIII e XIX secolo&#8221;, e io ovviamente non l&#8217;ho seguito; ma altri s\u00ec, e soprattutto il tenutario de Carnevale ha fatto un lungo racconto storico. Quindi andate da Leonardo Petrillo e beatevi!<\/p>\n","protected":false},"author":2,"featured_media":0,"comment_status":"open","ping_status":"open","sticky":false,"template":"","format":"standard","meta":{"_lmt_disableupdate":"","_lmt_disable":"","jetpack_post_was_ever_published":false,"_jetpack_newsletter_access":"","_jetpack_dont_email_post_to_subs":false,"_jetpack_newsletter_tier_id":0,"_jetpack_memberships_contains_paywalled_content":false,"_jetpack_memberships_contains_paid_content":false,"activitypub_content_warning":"","activitypub_content_visibility":"","activitypub_max_image_attachments":3,"activitypub_interaction_policy_quote":"anyone","activitypub_status":"","footnotes":"","jetpack_publicize_message":"","jetpack_publicize_feature_enabled":true,"jetpack_social_post_already_shared":false,"jetpack_social_options":{"image_generator_settings":{"template":"highway","default_image_id":0,"font":"","enabled":false},"version":2}},"categories":[157],"tags":[],"class_list":["post-18709","post","type-post","status-publish","format-standard","hentry","category-link"],"modified_by":".mau.","jetpack_publicize_connections":[],"jetpack_featured_media_url":"","jetpack_shortlink":"https:\/\/wp.me\/p6hcSh-4RL","jetpack-related-posts":[{"id":16289,"url":"https:\/\/xmau.com\/wp\/notiziole\/2018\/02\/14\/carnevale-della-matematica-116-goto-rudi-matematici\/","url_meta":{"origin":18709,"position":0},"title":"Carnevale della matematica #116: GOTO Rudi Matematici","author":".mau.","date":"2018-02-14","format":false,"excerpt":"Da voi \u00e8 il Mercoled\u00ec delle Ceneri, ma in matelandia \u00e8 ancora Carnevale! I Rudi Matematici, come usuale, ospitano il Carnevale di febbraio. Essendo la matematica \"irragionevole\", come da tema del mese, troverete di tutto!","rel":"","context":"In &quot;link&quot;","block_context":{"text":"link","link":"https:\/\/xmau.com\/wp\/notiziole\/category\/link\/"},"img":{"alt_text":"","src":"","width":0,"height":0},"classes":[]},{"id":28919,"url":"https:\/\/xmau.com\/wp\/notiziole\/2024\/05\/15\/carnevale-della-matematica-178-goto-amo-la-matematica\/","url_meta":{"origin":18709,"position":1},"title":"Carnevale della matematica #178: GOTO Amo la matematica!","author":".mau.","date":"2024-05-15","format":false,"excerpt":"Donne e matematica: questo \u00e8 il tema (che come al solito non ho seguito) del Carnevale della matematica di maggio, che \u00e8 ospitato sul sito Amo la matematica. Buona lettura!","rel":"","context":"In &quot;link&quot;","block_context":{"text":"link","link":"https:\/\/xmau.com\/wp\/notiziole\/category\/link\/"},"img":{"alt_text":"","src":"","width":0,"height":0},"classes":[]},{"id":11217,"url":"https:\/\/xmau.com\/wp\/notiziole\/2015\/04\/14\/carnevale-della-matematica-84-goto-maddmaths\/","url_meta":{"origin":18709,"position":2},"title":"Carnevale della matematica #84 &#8211; GOTO MaddMaths!","author":".mau.","date":"2015-04-14","format":false,"excerpt":"Cosa pu\u00f2 fare un matematico nella vita, oltre che stressare gli studenti? (Ma a dire il vero molti insegnanti di matematica non sono laureati in matematica) Ce lo racconta, insieme a tante altre cose, MaddMaths! nell'edizione di questo mese del Carnevale della matematica. Il prossimo Carnevale sar\u00e0 ospitato qui da\u2026","rel":"","context":"In &quot;link&quot;","block_context":{"text":"link","link":"https:\/\/xmau.com\/wp\/notiziole\/category\/link\/"},"img":{"alt_text":"","src":"","width":0,"height":0},"classes":[]},{"id":17698,"url":"https:\/\/xmau.com\/wp\/notiziole\/2018\/11\/14\/carnevale-della-matematica-123-goto-maddmaths\/","url_meta":{"origin":18709,"position":3},"title":"Carnevale della matematica #123: GOTO MaddMaths!","author":".mau.","date":"2018-11-14","format":false,"excerpt":"\"Che cos'\u00e8 la matematica?\" Domanda interessante, come si suol dire. Alla domanda probabilmente non risponder\u00e0 il Carnevale della matematica #123, ospitato da MaddMaths!, anche se il tema ufficiale \u00e8 quello: ma si sa che i matematici sono persone che non amano i temi. Buona lettura, e ricordate che a dicembre\u2026","rel":"","context":"In &quot;link&quot;","block_context":{"text":"link","link":"https:\/\/xmau.com\/wp\/notiziole\/category\/link\/"},"img":{"alt_text":"","src":"","width":0,"height":0},"classes":[]},{"id":16661,"url":"https:\/\/xmau.com\/wp\/notiziole\/2018\/04\/19\/il-carnevale-della-matematica-dal-vivo\/","url_meta":{"origin":18709,"position":4},"title":"Il Carnevale della matematica dal vivo!","author":".mau.","date":"2018-04-19","format":false,"excerpt":"Per prima cosa: siete andati a leggere il Carnevale della Matematica di aprile anche se mi sono dimenticato di segnalarlo? Se s\u00ec, bravi; se no, avete ancora tempo. Ma la vera notizia \u00e8 che tra un mese, il 18 e 19 maggio, Napoli vedr\u00e0 un'edizione live del Carnevale, grazie al\u2026","rel":"","context":"In &quot;link&quot;","block_context":{"text":"link","link":"https:\/\/xmau.com\/wp\/notiziole\/category\/link\/"},"img":{"alt_text":"","src":"","width":0,"height":0},"classes":[]},{"id":14442,"url":"https:\/\/xmau.com\/wp\/notiziole\/2017\/02\/14\/carnevale-della-matematica-106-goto-rudi-matematici\/","url_meta":{"origin":18709,"position":5},"title":"Carnevale della matematica #106: GOTO Rudi Matematici","author":".mau.","date":"2017-02-14","format":false,"excerpt":"a febbraio gli ospitanti sono fissi","rel":"","context":"In &quot;link&quot;","block_context":{"text":"link","link":"https:\/\/xmau.com\/wp\/notiziole\/category\/link\/"},"img":{"alt_text":"","src":"","width":0,"height":0},"classes":[]}],"jetpack_likes_enabled":true,"jetpack_sharing_enabled":true,"_links":{"self":[{"href":"https:\/\/xmau.com\/wp\/notiziole\/wp-json\/wp\/v2\/posts\/18709","targetHints":{"allow":["GET"]}}],"collection":[{"href":"https:\/\/xmau.com\/wp\/notiziole\/wp-json\/wp\/v2\/posts"}],"about":[{"href":"https:\/\/xmau.com\/wp\/notiziole\/wp-json\/wp\/v2\/types\/post"}],"author":[{"embeddable":true,"href":"https:\/\/xmau.com\/wp\/notiziole\/wp-json\/wp\/v2\/users\/2"}],"replies":[{"embeddable":true,"href":"https:\/\/xmau.com\/wp\/notiziole\/wp-json\/wp\/v2\/comments?post=18709"}],"version-history":[{"count":4,"href":"https:\/\/xmau.com\/wp\/notiziole\/wp-json\/wp\/v2\/posts\/18709\/revisions"}],"predecessor-version":[{"id":18713,"href":"https:\/\/xmau.com\/wp\/notiziole\/wp-json\/wp\/v2\/posts\/18709\/revisions\/18713"}],"wp:attachment":[{"href":"https:\/\/xmau.com\/wp\/notiziole\/wp-json\/wp\/v2\/media?parent=18709"}],"wp:term":[{"taxonomy":"category","embeddable":true,"href":"https:\/\/xmau.com\/wp\/notiziole\/wp-json\/wp\/v2\/categories?post=18709"},{"taxonomy":"post_tag","embeddable":true,"href":"https:\/\/xmau.com\/wp\/notiziole\/wp-json\/wp\/v2\/tags?post=18709"}],"curies":[{"name":"wp","href":"https:\/\/api.w.org\/{rel}","templated":true}]}}