{"id":15933,"date":"2017-12-12T04:04:45","date_gmt":"2017-12-12T03:04:45","guid":{"rendered":"http:\/\/xmau.com\/wp\/notiziole\/?p=15933"},"modified":"2017-12-11T14:59:03","modified_gmt":"2017-12-11T13:59:03","slug":"tempi-postali","status":"publish","type":"post","link":"https:\/\/xmau.com\/wp\/notiziole\/2017\/12\/12\/tempi-postali\/","title":{"rendered":"Tempi postali"},"content":{"rendered":"<p>Il 17 novembre scorso, mentre ero a casa perch\u00e9 Jacopo non stava bene, un postino ha deciso di non suonare il nostro citofono per consegnare una raccomandata ad Anna. Nel pomeriggio ho scritto un reclamo alle Poste, reclamo che la sera stessa del 17 ha generato una risposta automatica di ricezione: \u00abdesideriamo informarLa  che la sua richiesta \u00e8 in gestione alla funzione competente per la risoluzione della stessa. Sar\u00e0 presto ricontattato dalle nostre strutture per le comunicazioni del ticket\u00bb<\/p>\n<p>La risposta (ovviamente interlocutoria)<\/p>\n<blockquote><p>con riferimento alla Sua richiesta, La informiamo che il Suo reclamo \u00e8 stato inoltrato agli uffici e alle strutture territoriali competenti, affinch\u00e9 provvedano a verificare e  risolvere le anomalie da Lei lamentate.<\/p>\n<p>La ringraziamo per la Sua segnalazione in quanto ci offre l&#8217;opportunit\u00e0 di conoscere eventuali criticit\u00e0 e di porre in essere azioni mirate a migliorare la qualit\u00e0 dei nostri servizi e a renderli sempre pi\u00f9 vicini alle aspettative dei clienti.<\/p><\/blockquote>\n<p>mi \u00e8 arrivata per email ieri mattina. Non c&#8217;\u00e8 molto da aggiungere.<\/p>\n","protected":false},"excerpt":{"rendered":"<p>simpatici, vero?<\/p>\n","protected":false},"author":2,"featured_media":0,"comment_status":"closed","ping_status":"closed","sticky":false,"template":"","format":"standard","meta":{"_lmt_disableupdate":"","_lmt_disable":"","jetpack_post_was_ever_published":false,"_jetpack_newsletter_access":"","_jetpack_dont_email_post_to_subs":false,"_jetpack_newsletter_tier_id":0,"_jetpack_memberships_contains_paywalled_content":false,"_jetpack_memberships_contains_paid_content":false,"activitypub_content_warning":"","activitypub_content_visibility":"","activitypub_max_image_attachments":3,"activitypub_interaction_policy_quote":"anyone","activitypub_status":"","footnotes":"","jetpack_publicize_message":"","jetpack_publicize_feature_enabled":true,"jetpack_social_post_already_shared":false,"jetpack_social_options":{"image_generator_settings":{"template":"highway","default_image_id":0,"font":"","enabled":false},"version":2}},"categories":[23,922],"tags":[],"class_list":["post-15933","post","type-post","status-publish","format-standard","hentry","category-io","category-io-2017"],"modified_by":".mau.","jetpack_publicize_connections":[],"jetpack_featured_media_url":"","jetpack_shortlink":"https:\/\/wp.me\/p6hcSh-48Z","jetpack-related-posts":[{"id":23573,"url":"https:\/\/xmau.com\/wp\/notiziole\/2022\/01\/15\/le-poste-non-si-smentiscono-mai\/","url_meta":{"origin":15933,"position":0},"title":"Le Poste non si smentiscono mai","author":".mau.","date":"2022-01-15","format":false,"excerpt":"Riescono a smarrire persino i reclami.","rel":"","context":"In &quot;pipponi&quot;","block_context":{"text":"pipponi","link":"https:\/\/xmau.com\/wp\/notiziole\/category\/pipponi\/"},"img":{"alt_text":"","src":"","width":0,"height":0},"classes":[]},{"id":6973,"url":"https:\/\/xmau.com\/wp\/notiziole\/2009\/04\/06\/iperburocratici\/","url_meta":{"origin":15933,"position":1},"title":"iperburocratici, ma veloci!","author":".mau.","date":"2009-04-06","format":false,"excerpt":"Posteitaliane e la risposta a un mio reclamo","rel":"","context":"In &quot;io&quot;","block_context":{"text":"io","link":"https:\/\/xmau.com\/wp\/notiziole\/category\/io\/"},"img":{"alt_text":"","src":"","width":0,"height":0},"classes":[]},{"id":23617,"url":"https:\/\/xmau.com\/wp\/notiziole\/2022\/01\/26\/e-invece-le-poste-a-volte-rispondono-nel-merito\/","url_meta":{"origin":15933,"position":2},"title":"E invece le Poste a volte rispondono nel merito!","author":".mau.","date":"2022-01-26","format":false,"excerpt":"dopo tre settimane, ma meglio che niente","rel":"","context":"In &quot;io&quot;","block_context":{"text":"io","link":"https:\/\/xmau.com\/wp\/notiziole\/category\/io\/"},"img":{"alt_text":"","src":"","width":0,"height":0},"classes":[]},{"id":8328,"url":"https:\/\/xmau.com\/wp\/notiziole\/2011\/04\/15\/occhei_siamo_ne\/","url_meta":{"origin":15933,"position":3},"title":"occhei, siamo nel pieno della campagna elettorale","author":".mau.","date":"2011-04-15","format":false,"excerpt":"Il tempismo del Comune di Milano sta diventando incredibile.","rel":"","context":"In &quot;milano&quot;","block_context":{"text":"milano","link":"https:\/\/xmau.com\/wp\/notiziole\/category\/milano\/"},"img":{"alt_text":"","src":"","width":0,"height":0},"classes":[]},{"id":8215,"url":"https:\/\/xmau.com\/wp\/notiziole\/2011\/01\/18\/ilcomunerispond\/","url_meta":{"origin":15933,"position":4},"title":"ilcomunerisponde","author":".mau.","date":"2011-01-18","format":false,"excerpt":"Al Comune di Milano leggono le email. Con un po' di ritardo.","rel":"","context":"In &quot;milano&quot;","block_context":{"text":"milano","link":"https:\/\/xmau.com\/wp\/notiziole\/category\/milano\/"},"img":{"alt_text":"","src":"","width":0,"height":0},"classes":[]},{"id":36347,"url":"https:\/\/xmau.com\/wp\/notiziole\/2026\/03\/17\/il-paraculismo-delle-poste\/","url_meta":{"origin":15933,"position":5},"title":"Il paraculismo delle Poste","author":".mau.","date":"2026-03-17","format":false,"excerpt":"Mi perdono una raccomandata, sanno chi sono e dove sono, ma devo fare richiesta io.","rel":"","context":"In &quot;io&quot;","block_context":{"text":"io","link":"https:\/\/xmau.com\/wp\/notiziole\/category\/io\/"},"img":{"alt_text":"la lettera delle Poste","src":"https:\/\/i0.wp.com\/xmau.com\/wp\/notiziole\/wp-content\/uploads\/sites\/6\/2026\/03\/poste.jpg?resize=350%2C200&ssl=1","width":350,"height":200,"srcset":"https:\/\/i0.wp.com\/xmau.com\/wp\/notiziole\/wp-content\/uploads\/sites\/6\/2026\/03\/poste.jpg?resize=350%2C200&ssl=1 1x, https:\/\/i0.wp.com\/xmau.com\/wp\/notiziole\/wp-content\/uploads\/sites\/6\/2026\/03\/poste.jpg?resize=525%2C300&ssl=1 1.5x, https:\/\/i0.wp.com\/xmau.com\/wp\/notiziole\/wp-content\/uploads\/sites\/6\/2026\/03\/poste.jpg?resize=700%2C400&ssl=1 2x"},"classes":[]}],"jetpack_likes_enabled":true,"jetpack_sharing_enabled":true,"_links":{"self":[{"href":"https:\/\/xmau.com\/wp\/notiziole\/wp-json\/wp\/v2\/posts\/15933","targetHints":{"allow":["GET"]}}],"collection":[{"href":"https:\/\/xmau.com\/wp\/notiziole\/wp-json\/wp\/v2\/posts"}],"about":[{"href":"https:\/\/xmau.com\/wp\/notiziole\/wp-json\/wp\/v2\/types\/post"}],"author":[{"embeddable":true,"href":"https:\/\/xmau.com\/wp\/notiziole\/wp-json\/wp\/v2\/users\/2"}],"replies":[{"embeddable":true,"href":"https:\/\/xmau.com\/wp\/notiziole\/wp-json\/wp\/v2\/comments?post=15933"}],"version-history":[{"count":0,"href":"https:\/\/xmau.com\/wp\/notiziole\/wp-json\/wp\/v2\/posts\/15933\/revisions"}],"wp:attachment":[{"href":"https:\/\/xmau.com\/wp\/notiziole\/wp-json\/wp\/v2\/media?parent=15933"}],"wp:term":[{"taxonomy":"category","embeddable":true,"href":"https:\/\/xmau.com\/wp\/notiziole\/wp-json\/wp\/v2\/categories?post=15933"},{"taxonomy":"post_tag","embeddable":true,"href":"https:\/\/xmau.com\/wp\/notiziole\/wp-json\/wp\/v2\/tags?post=15933"}],"curies":[{"name":"wp","href":"https:\/\/api.w.org\/{rel}","templated":true}]}}