{"id":14834,"date":"2017-05-12T10:35:39","date_gmt":"2017-05-12T08:35:39","guid":{"rendered":"http:\/\/xmau.com\/wp\/notiziole\/?p=14834"},"modified":"2017-05-12T10:35:39","modified_gmt":"2017-05-12T08:35:39","slug":"stupri-di-serie-a-e-di-serie-b","status":"publish","type":"post","link":"https:\/\/xmau.com\/wp\/notiziole\/2017\/05\/12\/stupri-di-serie-a-e-di-serie-b\/","title":{"rendered":"stupri di serie A e di serie B"},"content":{"rendered":"<div class='__iawmlf-post-loop-links' style='display:none;' data-iawmlf-post-links='[{&quot;id&quot;:5628,&quot;href&quot;:&quot;http:\\\/\\\/www.regione.fvg.it\\\/rafvg\\\/comunicati\\\/comunicato.act?nm=20170510181543003&amp;dir=\\\/rafvg\\\/cms\\\/RAFVG\\\/notiziedallagiunta\\\/&amp;WT.ti=Violenza%20a%20minorenne:%20Serracchiani,%20atto%20odioso%20da%20profugo&amp;WT.cg_n=Rss&amp;WT.rss_f=Notizie%20dalla%20Giunta&amp;WT.rss_a=Violenza%20a%20minorenne:%20Serracchiani,%20atto%20odioso%20da%20profugo&quot;,&quot;archived_href&quot;:&quot;&quot;,&quot;redirect_href&quot;:&quot;&quot;,&quot;checks&quot;:[],&quot;broken&quot;:false,&quot;last_checked&quot;:null,&quot;process&quot;:&quot;done&quot;},{&quot;id&quot;:5629,&quot;href&quot;:&quot;https:\\\/\\\/archive.is\\\/kHGee&quot;,&quot;archived_href&quot;:&quot;http:\\\/\\\/web-wp.archive.org\\\/web\\\/20230724001424\\\/https:\\\/\\\/archive.is\\\/khgEE&quot;,&quot;redirect_href&quot;:&quot;&quot;,&quot;checks&quot;:[{&quot;date&quot;:&quot;2026-02-14 19:37:30&quot;,&quot;http_code&quot;:404},{&quot;date&quot;:&quot;2026-03-03 12:35:31&quot;,&quot;http_code&quot;:404},{&quot;date&quot;:&quot;2026-03-18 10:19:36&quot;,&quot;http_code&quot;:404},{&quot;date&quot;:&quot;2026-04-06 15:20:54&quot;,&quot;http_code&quot;:404},{&quot;date&quot;:&quot;2026-04-15 16:08:41&quot;,&quot;http_code&quot;:404}],&quot;broken&quot;:true,&quot;last_checked&quot;:{&quot;date&quot;:&quot;2026-04-15 16:08:41&quot;,&quot;http_code&quot;:404},&quot;process&quot;:&quot;done&quot;}]'><\/div>\n<p>A me non pare che Deborah Serracchiani sia chiss\u00e0 quale cima politica: la sua fortuna nacque perch\u00e9 era andata contro &#8220;Minimo&#8221; D&#8217;Alema e in parte per la sua frangetta. La sua <a href=\"http:\/\/www.regione.fvg.it\/rafvg\/comunicati\/comunicato.act?nm=20170510181543003&#038;dir=\/rafvg\/cms\/RAFVG\/notiziedallagiunta\/&amp;WT.ti=Violenza%20a%20minorenne:%20Serracchiani,%20atto%20odioso%20da%20profugo&#038;WT.cg_n=Rss&amp;WT.rss_f=Notizie%20dalla%20Giunta&amp;WT.rss_a=Violenza%20a%20minorenne:%20Serracchiani,%20atto%20odioso%20da%20profugo\">uscita di ieri<\/a> (<a href=\"https:\/\/archive.is\/kHGee\">archivio<\/a>) lo dimostra, e se volete dimostra anche che non ha scelto cos\u00ec bene il suo staff. Per chi non l&#8217;avesse vista, la frase incriminata \u00e8 \u00abLa violenza sessuale \u00e8 un atto odioso e schifoso sempre, ma risulta socialmente e moralmente ancor pi\u00f9 inaccettabile quando \u00e8 compiuto da chi chiede e ottiene accoglienza nel nostro Paese\u00bb, riguardo al tentativo di stupro di una minorenne da parte di un richiedente asilo. <\/p>\n<p>Per\u00f2. Che cosa avrebbe fatto meglio a dire, Serracchiani? Avrebbe potuto tacere. In fin dei conti non penso che lei esterni in veste ufficiale ogniqualvolta accade un tentato stupro, ancorch\u00e9 di una minorenne. Avrebbe potuto limitarsi a dire che la violenza sessuale \u00e8 un atto odioso e schifoso, ed esprimere una solidariet\u00e0 generica alla ragazza. Beh, fosse successo cos\u00ec scommetto che la polemica sarebbe scoppiata lo stesso per la sua omert\u00e0. Io avrei forse continuato dopo &#8220;schifoso&#8221; con qualcosa tipo &#8220;Sono addolorata che tale atto sia stato compiuto da una persona che abbiamo accolto nel nostro Paese&#8221;, evitando i confronti ma comunque segnalando il fatto del richiedere asilo, che \u00e8 una cosa ben diversa dall&#8217;essere genericamente stranieri, e soprattutto avrei evitato le sue frasi seguenti: \u00abPer quanto mi riguarda, gesti come questo devono prevedere l&#8217;espulsione dal nostro Paese, ovviamente dopo assolta la pena. Se c&#8217;\u00e8 un problema di legislazione carente in merito &#8211; ha aggiunto Serracchiani &#8211; bisogna rimediare\u00bb. A parte questa deriva grillo-salviniana, la presidente della Regione Friuli-Venezia Giulia dovrebbe sapere che in questi casi, anche se a posteriori rispetto all&#8217;identificazione, valgono le previsioni dell&#8217;articolo 6, comma 2c, del Decreto Legislativo 18 agosto 2015 n. 142; un politico nazionale di primo piano dovrebbe sapere bene queste cose. Poi per fortuna non faccio il politico, perch\u00e9 non garantisco andrebbe bene nemmeno il mio testo: ma almeno io posso parlare al vento.<\/p>\n","protected":false},"excerpt":{"rendered":"<p>&#8220;Frangetta&#8221; ci mette del suo, ma non \u00e8 banale.<\/p>\n","protected":false},"author":2,"featured_media":0,"comment_status":"closed","ping_status":"closed","sticky":false,"template":"","format":"standard","meta":{"_lmt_disableupdate":"","_lmt_disable":"","jetpack_post_was_ever_published":false,"_jetpack_newsletter_access":"","_jetpack_dont_email_post_to_subs":false,"_jetpack_newsletter_tier_id":0,"_jetpack_memberships_contains_paywalled_content":false,"_jetpack_memberships_contains_paid_content":false,"activitypub_content_warning":"","activitypub_content_visibility":"","activitypub_max_image_attachments":3,"activitypub_interaction_policy_quote":"anyone","activitypub_status":"","footnotes":"","jetpack_publicize_message":"","jetpack_publicize_feature_enabled":true,"jetpack_social_post_already_shared":false,"jetpack_social_options":{"image_generator_settings":{"template":"highway","default_image_id":0,"font":"","enabled":false},"version":2}},"categories":[535,923],"tags":[],"class_list":["post-14834","post","type-post","status-publish","format-standard","hentry","category-pipponi","category-pipponi-2017"],"modified_by":".mau.","jetpack_publicize_connections":[],"jetpack_featured_media_url":"","jetpack_shortlink":"https:\/\/wp.me\/p6hcSh-3Rg","jetpack-related-posts":[{"id":12201,"url":"https:\/\/xmau.com\/wp\/notiziole\/2015\/11\/23\/contra-personam\/","url_meta":{"origin":14834,"position":0},"title":"Contra personam","author":".mau.","date":"2015-11-23","format":false,"excerpt":"ma da quando in qua il PD ha paura dei protagonismi?","rel":"","context":"In &quot;politica&quot;","block_context":{"text":"politica","link":"https:\/\/xmau.com\/wp\/notiziole\/category\/politica\/"},"img":{"alt_text":"","src":"","width":0,"height":0},"classes":[]},{"id":9890,"url":"https:\/\/xmau.com\/wp\/notiziole\/2014\/03\/31\/debborah\/","url_meta":{"origin":14834,"position":1},"title":"Debborah","author":".mau.","date":"2014-03-31","format":false,"excerpt":"Un corso di \"costituzione di base\", proprio no?","rel":"","context":"In &quot;politica&quot;","block_context":{"text":"politica","link":"https:\/\/xmau.com\/wp\/notiziole\/category\/politica\/"},"img":{"alt_text":"","src":"","width":0,"height":0},"classes":[]},{"id":17419,"url":"https:\/\/xmau.com\/wp\/notiziole\/2018\/09\/24\/perche-le-dovrei-seguire\/","url_meta":{"origin":14834,"position":2},"title":"perch\u00e9 le dovrei seguire?","author":".mau.","date":"2018-09-24","format":false,"excerpt":"Misteri degli algoritmi di Twitter","rel":"","context":"In &quot;socialcosi e internet&quot;","block_context":{"text":"socialcosi e internet","link":"https:\/\/xmau.com\/wp\/notiziole\/category\/socialcosi\/"},"img":{"alt_text":"[chi seguire? Marianna Madia e Debora Serracchiani]","src":"https:\/\/i0.wp.com\/xmau.com\/wp\/notiziole\/wp-content\/uploads\/sites\/6\/2018\/09\/chiseguire.png?resize=350%2C200","width":350,"height":200},"classes":[]},{"id":18351,"url":"https:\/\/xmau.com\/wp\/notiziole\/2019\/03\/11\/stupro-della-brutta-e-cassazione\/","url_meta":{"origin":14834,"position":3},"title":"&#8220;stupro della brutta&#8221; e Cassazione","author":".mau.","date":"2019-03-11","format":false,"excerpt":"chi \u00e8 che sta dicendo la verit\u00e0?","rel":"","context":"In &quot;pipponi&quot;","block_context":{"text":"pipponi","link":"https:\/\/xmau.com\/wp\/notiziole\/category\/pipponi\/"},"img":{"alt_text":"","src":"","width":0,"height":0},"classes":[]},{"id":10767,"url":"https:\/\/xmau.com\/wp\/notiziole\/2014\/11\/26\/lodovico-sonego-che-ti-ho-fatto-di-male\/","url_meta":{"origin":14834,"position":4},"title":"Lodovico Sonego, che ti ho fatto di male?","author":".mau.","date":"2014-11-26","format":false,"excerpt":"Lodovico Sonego ha deciso di scrivermi privatamente, e io gli rispondo pubblicamente.","rel":"","context":"In &quot;pipponi&quot;","block_context":{"text":"pipponi","link":"https:\/\/xmau.com\/wp\/notiziole\/category\/pipponi\/"},"img":{"alt_text":"","src":"","width":0,"height":0},"classes":[]},{"id":24716,"url":"https:\/\/xmau.com\/wp\/notiziole\/2022\/08\/26\/il-video-dello-stupro-di-piacenza\/","url_meta":{"origin":14834,"position":5},"title":"il video dello stupro di Piacenza","author":".mau.","date":"2022-08-26","format":false,"excerpt":"Deontologia, o sconosciuta","rel":"","context":"In &quot;pipponi&quot;","block_context":{"text":"pipponi","link":"https:\/\/xmau.com\/wp\/notiziole\/category\/pipponi\/"},"img":{"alt_text":"","src":"","width":0,"height":0},"classes":[]}],"jetpack_likes_enabled":true,"jetpack_sharing_enabled":true,"_links":{"self":[{"href":"https:\/\/xmau.com\/wp\/notiziole\/wp-json\/wp\/v2\/posts\/14834","targetHints":{"allow":["GET"]}}],"collection":[{"href":"https:\/\/xmau.com\/wp\/notiziole\/wp-json\/wp\/v2\/posts"}],"about":[{"href":"https:\/\/xmau.com\/wp\/notiziole\/wp-json\/wp\/v2\/types\/post"}],"author":[{"embeddable":true,"href":"https:\/\/xmau.com\/wp\/notiziole\/wp-json\/wp\/v2\/users\/2"}],"replies":[{"embeddable":true,"href":"https:\/\/xmau.com\/wp\/notiziole\/wp-json\/wp\/v2\/comments?post=14834"}],"version-history":[{"count":0,"href":"https:\/\/xmau.com\/wp\/notiziole\/wp-json\/wp\/v2\/posts\/14834\/revisions"}],"wp:attachment":[{"href":"https:\/\/xmau.com\/wp\/notiziole\/wp-json\/wp\/v2\/media?parent=14834"}],"wp:term":[{"taxonomy":"category","embeddable":true,"href":"https:\/\/xmau.com\/wp\/notiziole\/wp-json\/wp\/v2\/categories?post=14834"},{"taxonomy":"post_tag","embeddable":true,"href":"https:\/\/xmau.com\/wp\/notiziole\/wp-json\/wp\/v2\/tags?post=14834"}],"curies":[{"name":"wp","href":"https:\/\/api.w.org\/{rel}","templated":true}]}}