{"id":12850,"date":"2016-04-06T08:20:27","date_gmt":"2016-04-06T07:20:27","guid":{"rendered":"http:\/\/xmau.com\/wp\/notiziole\/?p=12850"},"modified":"2016-04-06T08:20:27","modified_gmt":"2016-04-06T07:20:27","slug":"possiamo-anche-abolire-il-sindacato","status":"publish","type":"post","link":"https:\/\/xmau.com\/wp\/notiziole\/2016\/04\/06\/possiamo-anche-abolire-il-sindacato\/","title":{"rendered":"Possiamo anche abolire il sindacato"},"content":{"rendered":"<p>Mail ricevuta stamattina, mittente originale Human Resources (pardon, People Value):<\/p>\n<blockquote><p>\u00abNon \u00e8 stato possibile raggiungere un\u2019intesa con il Sindacato sulle chiusure aziendali del 2016 per le ferie collettive. Riteniamo tuttavia che l\u2019interesse dell\u2019Azienda sul punto debba essere comunque realizzato.\u00bb<\/p><\/blockquote>\n<p>L&#8217;unica cosa che mi chiedo \u00e8 perch\u00e9 diavolo l&#8217;azienda ha perso tempo a discutere con il sindacato, se tanto avrebbe comunque fatto gli affari suoi.<\/p>\n<p>(Nei giorni in cui ci costringeranno a stare a casa sarei comunque stato in ferie, giusto per rimarcare che non c&#8217;\u00e8 nulla di personale)<\/p>\n","protected":false},"excerpt":{"rendered":"<p>Mail ricevuta stamattina, mittente originale Human Resources (pardon, People Value): \u00abNon \u00e8 stato possibile raggiungere un\u2019intesa con il Sindacato sulle chiusure aziendali del 2016 per le ferie collettive. Riteniamo tuttavia che l\u2019interesse dell\u2019Azienda sul punto debba essere comunque realizzato.\u00bb L&#8217;unica cosa che mi chiedo \u00e8 perch\u00e9 diavolo l&#8217;azienda ha perso tempo a discutere con il [&hellip;]<\/p>\n","protected":false},"author":2,"featured_media":0,"comment_status":"closed","ping_status":"closed","sticky":false,"template":"","format":"standard","meta":{"_lmt_disableupdate":"","_lmt_disable":"","jetpack_post_was_ever_published":false,"_jetpack_newsletter_access":"","_jetpack_dont_email_post_to_subs":false,"_jetpack_newsletter_tier_id":0,"_jetpack_memberships_contains_paywalled_content":false,"_jetpack_memberships_contains_paid_content":false,"activitypub_content_warning":"","activitypub_content_visibility":"","activitypub_max_image_attachments":3,"activitypub_interaction_policy_quote":"anyone","activitypub_status":"","footnotes":"","jetpack_publicize_message":"","jetpack_publicize_feature_enabled":true,"jetpack_social_post_already_shared":false,"jetpack_social_options":{"image_generator_settings":{"template":"highway","default_image_id":0,"font":"","enabled":false},"version":2}},"categories":[535,915],"tags":[],"class_list":["post-12850","post","type-post","status-publish","format-standard","hentry","category-pipponi","category-pipponi-2016"],"modified_by":".mau.","jetpack_publicize_connections":[],"jetpack_featured_media_url":"","jetpack_shortlink":"https:\/\/wp.me\/p6hcSh-3lg","jetpack-related-posts":[{"id":14369,"url":"https:\/\/xmau.com\/wp\/notiziole\/2017\/01\/28\/non-sequitur\/","url_meta":{"origin":12850,"position":0},"title":"Non sequitur","author":".mau.","date":"2017-01-28","format":false,"excerpt":"Come possiamo pretendere di ottenere qualcosa, se non riusciamo nemmeno a comprendere le basi?","rel":"","context":"In &quot;pipponi&quot;","block_context":{"text":"pipponi","link":"https:\/\/xmau.com\/wp\/notiziole\/category\/pipponi\/"},"img":{"alt_text":"","src":"","width":0,"height":0},"classes":[]},{"id":15177,"url":"https:\/\/xmau.com\/wp\/notiziole\/2017\/08\/04\/sindacati-e-capponi\/","url_meta":{"origin":12850,"position":1},"title":"Sindacati e capponi","author":".mau.","date":"2017-08-04","format":false,"excerpt":"Non mi pare che nessuno ci abbia fatto una bella figura.","rel":"","context":"In &quot;pipponi&quot;","block_context":{"text":"pipponi","link":"https:\/\/xmau.com\/wp\/notiziole\/category\/pipponi\/"},"img":{"alt_text":"","src":"","width":0,"height":0},"classes":[]},{"id":6550,"url":"https:\/\/xmau.com\/wp\/notiziole\/2008\/11\/17\/thyssen-krupp_\/","url_meta":{"origin":12850,"position":2},"title":"Thyssen-Krupp &#8211; rinvio a giudizio","author":".mau.","date":"2008-11-17","format":false,"excerpt":"Siamo cos\u00ec sicuri che il sindacato non sapesse proprio nulla?","rel":"","context":"In &quot;pipponi&quot;","block_context":{"text":"pipponi","link":"https:\/\/xmau.com\/wp\/notiziole\/category\/pipponi\/"},"img":{"alt_text":"","src":"","width":0,"height":0},"classes":[]},{"id":14020,"url":"https:\/\/xmau.com\/wp\/notiziole\/2016\/11\/26\/tim-i-lavoratori-e-i-media\/","url_meta":{"origin":12850,"position":3},"title":"TIM, i lavoratori e i media","author":".mau.","date":"2016-11-26","format":false,"excerpt":"(s\u00ec, perch\u00e9 dell'azienda \u00e8 meglio tacere)","rel":"","context":"In &quot;io&quot;","block_context":{"text":"io","link":"https:\/\/xmau.com\/wp\/notiziole\/category\/io\/"},"img":{"alt_text":"","src":"","width":0,"height":0},"classes":[]},{"id":17989,"url":"https:\/\/xmau.com\/wp\/notiziole\/2019\/01\/11\/lavorare\/","url_meta":{"origin":12850,"position":4},"title":"Lavorare?","author":".mau.","date":"2019-01-11","format":false,"excerpt":"Secondo l'accordo azienda-sindacato su ferie e permessi, entro giugno dovr\u00f2 prendere quattro giornate e mezzo di permesso, pi\u00f9 nove giorni in cui devo stare a casa causa contratto di solidariet\u00e0, pi\u00f9 due giorni di chiusura collettiva. Non mi vedranno molto.","rel":"","context":"In &quot;io&quot;","block_context":{"text":"io","link":"https:\/\/xmau.com\/wp\/notiziole\/category\/io\/"},"img":{"alt_text":"","src":"","width":0,"height":0},"classes":[]},{"id":14097,"url":"https:\/\/xmau.com\/wp\/notiziole\/2016\/12\/13\/cronaca-di-una-manifestazione\/","url_meta":{"origin":12850,"position":5},"title":"Cronaca di una manifestazione","author":".mau.","date":"2016-12-13","format":false,"excerpt":"Una bella manifestazione","rel":"","context":"In &quot;io&quot;","block_context":{"text":"io","link":"https:\/\/xmau.com\/wp\/notiziole\/category\/io\/"},"img":{"alt_text":"","src":"","width":0,"height":0},"classes":[]}],"jetpack_likes_enabled":true,"jetpack_sharing_enabled":true,"_links":{"self":[{"href":"https:\/\/xmau.com\/wp\/notiziole\/wp-json\/wp\/v2\/posts\/12850","targetHints":{"allow":["GET"]}}],"collection":[{"href":"https:\/\/xmau.com\/wp\/notiziole\/wp-json\/wp\/v2\/posts"}],"about":[{"href":"https:\/\/xmau.com\/wp\/notiziole\/wp-json\/wp\/v2\/types\/post"}],"author":[{"embeddable":true,"href":"https:\/\/xmau.com\/wp\/notiziole\/wp-json\/wp\/v2\/users\/2"}],"replies":[{"embeddable":true,"href":"https:\/\/xmau.com\/wp\/notiziole\/wp-json\/wp\/v2\/comments?post=12850"}],"version-history":[{"count":0,"href":"https:\/\/xmau.com\/wp\/notiziole\/wp-json\/wp\/v2\/posts\/12850\/revisions"}],"wp:attachment":[{"href":"https:\/\/xmau.com\/wp\/notiziole\/wp-json\/wp\/v2\/media?parent=12850"}],"wp:term":[{"taxonomy":"category","embeddable":true,"href":"https:\/\/xmau.com\/wp\/notiziole\/wp-json\/wp\/v2\/categories?post=12850"},{"taxonomy":"post_tag","embeddable":true,"href":"https:\/\/xmau.com\/wp\/notiziole\/wp-json\/wp\/v2\/tags?post=12850"}],"curies":[{"name":"wp","href":"https:\/\/api.w.org\/{rel}","templated":true}]}}