{"id":10192,"date":"2014-06-12T11:36:32","date_gmt":"2014-06-12T09:36:32","guid":{"rendered":"http:\/\/xmau.com\/wp\/notiziole\/?p=10192"},"modified":"2014-07-02T10:59:23","modified_gmt":"2014-07-02T08:59:23","slug":"_di-28-ce-ne-1_-ebook","status":"publish","type":"post","link":"https:\/\/xmau.com\/wp\/notiziole\/2014\/06\/12\/_di-28-ce-ne-1_-ebook\/","title":{"rendered":"_Di 28 ce n&#8217;\u00e8 1_ (ebook)"},"content":{"rendered":"<div class='__iawmlf-post-loop-links' style='display:none;' data-iawmlf-post-links='[{&quot;id&quot;:7268,&quot;href&quot;:&quot;http:\\\/\\\/www.amazon.it\\\/dp\\\/B00KXAFUPC\\\/?tag=notizioledima-21&quot;,&quot;archived_href&quot;:&quot;&quot;,&quot;redirect_href&quot;:&quot;https:\\\/\\\/www.amazon.it\\\/dp\\\/B00KXAFUPC\\\/?tag=notizioledima-21&quot;,&quot;checks&quot;:[],&quot;broken&quot;:false,&quot;last_checked&quot;:null,&quot;process&quot;:&quot;done&quot;},{&quot;id&quot;:7269,&quot;href&quot;:&quot;http:\\\/\\\/www.bookrepublic.it\\\/book\\\/9788898001835-di-28-ce-ne-1&quot;,&quot;archived_href&quot;:&quot;http:\\\/\\\/web-wp.archive.org\\\/web\\\/20150429223518\\\/https:\\\/\\\/www.bookrepublic.it\\\/book\\\/9788898001835-di-28-ce-ne-1\\\/&quot;,&quot;redirect_href&quot;:&quot;&quot;,&quot;checks&quot;:[{&quot;date&quot;:&quot;2026-02-15 18:22:44&quot;,&quot;http_code&quot;:404},{&quot;date&quot;:&quot;2026-02-19 12:18:56&quot;,&quot;http_code&quot;:404},{&quot;date&quot;:&quot;2026-02-23 05:58:06&quot;,&quot;http_code&quot;:404},{&quot;date&quot;:&quot;2026-02-28 13:30:59&quot;,&quot;http_code&quot;:404},{&quot;date&quot;:&quot;2026-03-04 12:57:06&quot;,&quot;http_code&quot;:404},{&quot;date&quot;:&quot;2026-03-14 06:07:39&quot;,&quot;http_code&quot;:404},{&quot;date&quot;:&quot;2026-03-18 00:41:51&quot;,&quot;http_code&quot;:404},{&quot;date&quot;:&quot;2026-03-21 18:44:25&quot;,&quot;http_code&quot;:404},{&quot;date&quot;:&quot;2026-03-25 12:31:59&quot;,&quot;http_code&quot;:404},{&quot;date&quot;:&quot;2026-03-29 06:26:58&quot;,&quot;http_code&quot;:404},{&quot;date&quot;:&quot;2026-04-02 02:44:58&quot;,&quot;http_code&quot;:404},{&quot;date&quot;:&quot;2026-04-05 04:50:18&quot;,&quot;http_code&quot;:404},{&quot;date&quot;:&quot;2026-04-09 17:42:23&quot;,&quot;http_code&quot;:404},{&quot;date&quot;:&quot;2026-04-13 12:32:17&quot;,&quot;http_code&quot;:404},{&quot;date&quot;:&quot;2026-04-20 10:10:35&quot;,&quot;http_code&quot;:404}],&quot;broken&quot;:true,&quot;last_checked&quot;:{&quot;date&quot;:&quot;2026-04-20 10:10:35&quot;,&quot;http_code&quot;:404},&quot;process&quot;:&quot;done&quot;}]'><\/div>\n<p><img data-recalc-dims=\"1\" loading=\"lazy\" decoding=\"async\" src=\"https:\/\/i0.wp.com\/xmau.com\/wp\/notiziole\/wp-content\/uploads\/sites\/6\/2014\/06\/9788898001835.jpg?resize=143%2C200\" alt=\"[copertina]\" width=\"143\" height=\"200\" class=\"alignleft size-full wp-image-10193\" \/> \u00c8 stata dura riuscire ad avere i Rudi Mathematici nel catalogo di Altramatematica, o #40kmate che dir si voglia. Non che loro non fossero interessati, ma chi li conosce sa bene come il loro concetto di tempistica non sia esattamente ottimale. Forse per contrappasso, il loro libro (in formato Kindle su <a href=\"http:\/\/www.amazon.it\/dp\/B00KXAFUPC\/?tag=notizioledima-21\">Amazon<\/a> o in epub su <a href=\"http:\/\/www.bookrepublic.it\/book\/9788898001835-di-28-ce-ne-1\/\">BookRepublic<\/a> e altri store: prezzo 1,99&euro;) parla proprio del calendario, o per meglio dire della storia del calendario.<\/p>\n<p>Il problema &#8211; dal punto di vista della matematica &#8211; \u00e8 che ci sono almeno tre unit\u00e0 di tempo &#8220;naturali&#8221;: giorno, mese e anno. Peccato che il rapporto tra le loro durate non sia un numero intero, e quindi da vari millenni tutti (no, diciamolo meglio: sacerdoti e\/o politici) hanno cercato di trovare la quadra, ciascuno a modo suo. Cos\u00ec esistono calendari lunari, solari e lunisolari; si sono aggiunti e tolti giorni in modo pi\u00f9 o meno &#8220;scientifico&#8221; (lo sapevate, per esempio, che nell&#8217;era moderna c&#8217;\u00e8 stata una nazione che in un certo anno ha avuto il 30 febbraio? No, non vi dico quale, ma nell&#8217;ebook \u00e8 spiegato). Paradossalmente, l&#8217;unica misura di tempo rimasta stoicamente intatta \u00e8 stata la settimana, che invece \u00e8 un&#8217;invenzione tipicamente umana: solo i soviet russi tentarono per un paio d&#8217;anni di eliminare questo residuo capitalistico, per poi dover soccombere alle abitudini di tutti. <\/p>\n<p>Come sempre, i Rudi Mathematici scrivono in maniera molto piacevole e con una visione non certo ristretta al nostro mondo occidentale: come bonus, poi, avrete la possibilit\u00e0 di scoprire come usare il Giorno del Giudizio per trovare al volo a mente il giorno della settimana corrispondente a una data. Cosa volete di pi\u00f9 dalla vita?<\/p>\n","protected":false},"excerpt":{"rendered":"<p>I Rudi Mathematici parlano del calendario<\/p>\n","protected":false},"author":2,"featured_media":0,"comment_status":"closed","ping_status":"closed","sticky":false,"template":"","format":"standard","meta":{"_lmt_disableupdate":"","_lmt_disable":"","jetpack_post_was_ever_published":false,"_jetpack_newsletter_access":"","_jetpack_dont_email_post_to_subs":false,"_jetpack_newsletter_tier_id":0,"_jetpack_memberships_contains_paywalled_content":false,"_jetpack_memberships_contains_paid_content":false,"activitypub_content_warning":"","activitypub_content_visibility":"","activitypub_max_image_attachments":3,"activitypub_interaction_policy_quote":"anyone","activitypub_status":"","footnotes":"","jetpack_publicize_message":"","jetpack_publicize_feature_enabled":true,"jetpack_social_post_already_shared":false,"jetpack_social_options":{"image_generator_settings":{"template":"highway","default_image_id":0,"font":"","enabled":false},"version":2}},"categories":[534],"tags":[],"class_list":["post-10192","post","type-post","status-publish","format-standard","hentry","category-recensioni"],"modified_by":".mau.","jetpack_publicize_connections":[],"jetpack_featured_media_url":"","jetpack_shortlink":"https:\/\/wp.me\/p6hcSh-2Eo","jetpack-related-posts":[{"id":29635,"url":"https:\/\/xmau.com\/wp\/notiziole\/2024\/09\/10\/matematica-lezione-31-la-matematica-dei-calendari\/","url_meta":{"origin":10192,"position":0},"title":"MATEMATICA &#8211; Lezione 31: La matematica dei calendari","author":".mau.","date":"2024-09-10","format":false,"excerpt":"\"Trenta d\u00ec conta settembre \/ con april, giugno e novembre: \/ di ventotto c'\u00e8 febbraio \/ tutti gli altri ne hanno... ehm... un paio?\" Qualche decennio fa alcuni miei amici fecero una partita a un gioco di ruolo dove il gamemaster aveva sbagliato a raccontare la filastrocca sulla lunghezza dei\u2026","rel":"","context":"In &quot;rec-2024&quot;","block_context":{"text":"rec-2024","link":"https:\/\/xmau.com\/wp\/notiziole\/category\/recensioni\/recensioni-2024\/"},"img":{"alt_text":"copertina","src":"https:\/\/i0.wp.com\/xmau.com\/wp\/notiziole\/wp-content\/uploads\/sites\/6\/2024\/09\/mate31-189x300.jpg?resize=350%2C200&ssl=1","width":350,"height":200},"classes":[]},{"id":5581,"url":"https:\/\/xmau.com\/wp\/notiziole\/2007\/12\/19\/i_referrer_sott\/","url_meta":{"origin":10192,"position":1},"title":"i referrer sotto le feste","author":".mau.","date":"2007-12-19","format":false,"excerpt":"spulciando tra le ricerche odierne...","rel":"","context":"In &quot;curiosit\u00e0-2007&quot;","block_context":{"text":"curiosit\u00e0-2007","link":"https:\/\/xmau.com\/wp\/notiziole\/category\/curiosita\/curiosita-2007\/"},"img":{"alt_text":"","src":"","width":0,"height":0},"classes":[]},{"id":25813,"url":"https:\/\/xmau.com\/wp\/notiziole\/2023\/02\/14\/carnevale-della-matematica-166-goto-rudi-mathematici\/","url_meta":{"origin":10192,"position":2},"title":"Carnevale della matematica #166: GOTO Rudi Mathematici","author":".mau.","date":"2023-02-14","format":false,"excerpt":"\u00c8 quel momento dell'anno. San Valentino, patrono di Rieti Terni da dove arriva Piotr Silverbrahms. E quindi il Carnevale della Matematica \u00e8 ospitato dai Rudi Mathematici. Buona lettura! Aggiornamento: non mi capacito di avere sbagliato citt\u00e0 e regione :-(","rel":"","context":"In &quot;link&quot;","block_context":{"text":"link","link":"https:\/\/xmau.com\/wp\/notiziole\/category\/link\/"},"img":{"alt_text":"","src":"","width":0,"height":0},"classes":[]},{"id":23711,"url":"https:\/\/xmau.com\/wp\/notiziole\/2022\/02\/14\/carnevale-della-matematica-157-goto-rudi-mathematici\/","url_meta":{"origin":10192,"position":3},"title":"Carnevale della matematica #157: GOTO Rudi Mathematici!","author":".mau.","date":"2022-02-14","format":false,"excerpt":"Tradizione vuole che il Carnevale di febbraio sia ospitato dai Rudi Mat(h)ematici (senz'acca perch\u00e9 sono su Le Scienze), e tradizione \u00e8 stata rispettata. Proiettatevici subito!","rel":"","context":"In &quot;link&quot;","block_context":{"text":"link","link":"https:\/\/xmau.com\/wp\/notiziole\/category\/link\/"},"img":{"alt_text":"","src":"","width":0,"height":0},"classes":[]},{"id":31432,"url":"https:\/\/xmau.com\/wp\/notiziole\/2025\/02\/14\/carnevale-matematica-194\/","url_meta":{"origin":10192,"position":4},"title":"Carnevale della matematica #184 &#8211; GOTO Rudi Mathematici","author":".mau.","date":"2025-02-14","format":false,"excerpt":"San Valentino \u00e8 la data in cui i Rudi Mathematici storicamente ospitano il Carnevale della Matematica, e lo fanno anche stavolta, nella loro nuova casa su MaddMaths!. Buona lettura!","rel":"","context":"In &quot;link&quot;","block_context":{"text":"link","link":"https:\/\/xmau.com\/wp\/notiziole\/category\/link\/"},"img":{"alt_text":"","src":"","width":0,"height":0},"classes":[]},{"id":5992,"url":"https:\/\/xmau.com\/wp\/notiziole\/2008\/05\/01\/il_gotha_dei_di\/","url_meta":{"origin":10192,"position":5},"title":"Il gotha dei divulgatori di matematica","author":".mau.","date":"2008-05-01","format":false,"excerpt":"I Rudi Mathematici sbarcano nientemeno che su Le Scienze!","rel":"","context":"In &quot;matematica_light&quot;","block_context":{"text":"matematica_light","link":"https:\/\/xmau.com\/wp\/notiziole\/category\/matematica_light\/"},"img":{"alt_text":"","src":"","width":0,"height":0},"classes":[]}],"jetpack_likes_enabled":true,"jetpack_sharing_enabled":true,"_links":{"self":[{"href":"https:\/\/xmau.com\/wp\/notiziole\/wp-json\/wp\/v2\/posts\/10192","targetHints":{"allow":["GET"]}}],"collection":[{"href":"https:\/\/xmau.com\/wp\/notiziole\/wp-json\/wp\/v2\/posts"}],"about":[{"href":"https:\/\/xmau.com\/wp\/notiziole\/wp-json\/wp\/v2\/types\/post"}],"author":[{"embeddable":true,"href":"https:\/\/xmau.com\/wp\/notiziole\/wp-json\/wp\/v2\/users\/2"}],"replies":[{"embeddable":true,"href":"https:\/\/xmau.com\/wp\/notiziole\/wp-json\/wp\/v2\/comments?post=10192"}],"version-history":[{"count":0,"href":"https:\/\/xmau.com\/wp\/notiziole\/wp-json\/wp\/v2\/posts\/10192\/revisions"}],"wp:attachment":[{"href":"https:\/\/xmau.com\/wp\/notiziole\/wp-json\/wp\/v2\/media?parent=10192"}],"wp:term":[{"taxonomy":"category","embeddable":true,"href":"https:\/\/xmau.com\/wp\/notiziole\/wp-json\/wp\/v2\/categories?post=10192"},{"taxonomy":"post_tag","embeddable":true,"href":"https:\/\/xmau.com\/wp\/notiziole\/wp-json\/wp\/v2\/tags?post=10192"}],"curies":[{"name":"wp","href":"https:\/\/api.w.org\/{rel}","templated":true}]}}