{"id":10115,"date":"2014-05-24T04:00:11","date_gmt":"2014-05-24T02:00:11","guid":{"rendered":"http:\/\/xmau.com\/wp\/notiziole\/?p=10115"},"modified":"2014-05-24T23:18:05","modified_gmt":"2014-05-24T21:18:05","slug":"_dizionario-delle-idee-non-comuni_-libro","status":"publish","type":"post","link":"https:\/\/xmau.com\/wp\/notiziole\/2014\/05\/24\/_dizionario-delle-idee-non-comuni_-libro\/","title":{"rendered":"_Dizionario delle idee non comuni_ (libro)"},"content":{"rendered":"<div class='__iawmlf-post-loop-links' style='display:none;' data-iawmlf-post-links='[{&quot;id&quot;:7293,&quot;href&quot;:&quot;http:\\\/\\\/www.amazon.it\\\/dp\\\/8860888514?tag=notizioledima-21&quot;,&quot;archived_href&quot;:&quot;http:\\\/\\\/web-wp.archive.org\\\/web\\\/20260215184449\\\/https:\\\/\\\/www.amazon.it\\\/dp\\\/8860888514?tag=notizioledima-21&quot;,&quot;redirect_href&quot;:&quot;https:\\\/\\\/www.amazon.it\\\/dp\\\/8860888514?tag=notizioledima-21&quot;,&quot;checks&quot;:[{&quot;date&quot;:&quot;2026-03-14 05:09:27&quot;,&quot;http_code&quot;:200},{&quot;date&quot;:&quot;2026-03-21 04:48:03&quot;,&quot;http_code&quot;:200},{&quot;date&quot;:&quot;2026-03-25 09:42:29&quot;,&quot;http_code&quot;:200},{&quot;date&quot;:&quot;2026-04-05 09:58:26&quot;,&quot;http_code&quot;:206},{&quot;date&quot;:&quot;2026-04-14 19:58:53&quot;,&quot;http_code&quot;:200}],&quot;broken&quot;:false,&quot;last_checked&quot;:{&quot;date&quot;:&quot;2026-04-14 19:58:53&quot;,&quot;http_code&quot;:200},&quot;process&quot;:&quot;done&quot;}]'><\/div>\n<p><a href=\"https:\/\/i0.wp.com\/xmau.com\/wp\/notiziole\/wp-content\/uploads\/sites\/6\/2014\/05\/9788860888518.jpg\"><img data-recalc-dims=\"1\" loading=\"lazy\" decoding=\"async\" src=\"https:\/\/i0.wp.com\/xmau.com\/wp\/notiziole\/wp-content\/uploads\/sites\/6\/2014\/05\/9788860888518.jpg?resize=89%2C150\" alt=\"[copertina]\" width=\"89\" height=\"150\" class=\"alignleft size-full wp-image-10116\" \/><\/a> &#8220;Filosofia minima&#8221; \u00e8 la rubrica tenuta da Armando Massarenti sul <i>Sole-24Ore<\/i>: in essa non si parla solo di metafisica, ma anche di etica, scienza, religione e altri temi, con considerazioni sempre molto brevi, legate a un punto specifico, e che pi\u00f9 che dare risposte fanno domande (come del resto generalmente capita con la filosofia contemporanea). Questo libro (Armando Massarenti, <a href=\"http:\/\/www.amazon.it\/dp\/8860888514?tag=notizioledima-21\"><em>Dizionario delle idee non comuni<\/em><\/a>, Guanda 2010, pag. 262, &euro; 14, ISBN 9788860888518) \u00e8 la raccolta di svariate decine di queste considerazioni &#8220;minime&#8221;, ordinate come se fossero su un vocabolario.<br \/>\nLeggendolo tutto di fila si avvertono alcune ripetizioni, legate a temi che Massarenti sente evidentemente pi\u00f9 suoi: avrei inoltre forse modificato leggermente il testo di qualche pezzo evidentemente legato all&#8217;attualit\u00e0, come quello che parlando di Darwin accenna al terremoto cileno &#8220;di qualche giorno fa&#8221;. Complessivamente, per\u00f2, il caleidoscopio delle microletture ritorna un risultato sicuramente piacevole ma anche pi\u00f9 unitario di quanto si sarebbe potuto immaginare a prima vista: la lettura \u00e8 insomma assolutamente consigliata a chi ha voglia di pensare partendo dagli schemi di qualcun altro e non sempre dai propri.<\/p>\n","protected":false},"excerpt":{"rendered":"<p>Filosofia (pratica) minima <\/p>\n","protected":false},"author":2,"featured_media":0,"comment_status":"closed","ping_status":"closed","sticky":false,"template":"","format":"standard","meta":{"_lmt_disableupdate":"","_lmt_disable":"","jetpack_post_was_ever_published":false,"_jetpack_newsletter_access":"","_jetpack_dont_email_post_to_subs":false,"_jetpack_newsletter_tier_id":0,"_jetpack_memberships_contains_paywalled_content":false,"_jetpack_memberships_contains_paid_content":false,"activitypub_content_warning":"","activitypub_content_visibility":"","activitypub_max_image_attachments":3,"activitypub_interaction_policy_quote":"anyone","activitypub_status":"","footnotes":"","jetpack_publicize_message":"","jetpack_publicize_feature_enabled":true,"jetpack_social_post_already_shared":false,"jetpack_social_options":{"image_generator_settings":{"template":"highway","default_image_id":0,"font":"","enabled":false},"version":2}},"categories":[534],"tags":[],"class_list":["post-10115","post","type-post","status-publish","format-standard","hentry","category-recensioni"],"modified_by":".mau.","jetpack_publicize_connections":[],"jetpack_featured_media_url":"","jetpack_shortlink":"https:\/\/wp.me\/p6hcSh-2D9","jetpack-related-posts":[{"id":23092,"url":"https:\/\/xmau.com\/wp\/notiziole\/2021\/10\/23\/storia-e-filosofia-dellanalisi-infinitesimale-libro\/","url_meta":{"origin":10115,"position":0},"title":"Storia e filosofia dell&#8217;analisi infinitesimale (libro)","author":".mau.","date":"2021-10-23","format":false,"excerpt":"Approccio double face all'analisi matematica","rel":"","context":"In &quot;rec-2021&quot;","block_context":{"text":"rec-2021","link":"https:\/\/xmau.com\/wp\/notiziole\/category\/recensioni\/recensioni-2021\/"},"img":{"alt_text":"copertina","src":"https:\/\/i0.wp.com\/xmau.com\/wp\/notiziole\/wp-content\/uploads\/sites\/6\/2021\/10\/9788833919478.jpg?resize=350%2C200&ssl=1","width":350,"height":200},"classes":[]},{"id":15803,"url":"https:\/\/xmau.com\/wp\/notiziole\/2017\/12\/16\/_filosofia-per-tutti_-libro\/","url_meta":{"origin":10115,"position":1},"title":"_Filosofia per tutti_ (libro)","author":".mau.","date":"2017-12-16","format":false,"excerpt":"Storia dei pensieri filosofici, non della filosofia","rel":"","context":"In &quot;rec-2017&quot;","block_context":{"text":"rec-2017","link":"https:\/\/xmau.com\/wp\/notiziole\/category\/recensioni\/rec-2017\/"},"img":{"alt_text":"","src":"https:\/\/i0.wp.com\/xmau.com\/wp\/notiziole\/wp-content\/uploads\/sites\/6\/2017\/11\/9788842820352.jpg?resize=350%2C200","width":350,"height":200},"classes":[]},{"id":12750,"url":"https:\/\/xmau.com\/wp\/notiziole\/2016\/03\/26\/_numeri_-libro-2\/","url_meta":{"origin":10115,"position":2},"title":"_Numeri_ (libro)","author":".mau.","date":"2016-03-26","format":false,"excerpt":"Non ho esattamente capito l'idea sottostante il libro.","rel":"","context":"In &quot;rec-2016&quot;","block_context":{"text":"rec-2016","link":"https:\/\/xmau.com\/wp\/notiziole\/category\/recensioni\/recensioni-2016\/"},"img":{"alt_text":"9788815254146","src":"https:\/\/i0.wp.com\/xmau.com\/wp\/notiziole\/wp-content\/uploads\/sites\/6\/2016\/03\/9788815254146.jpg?resize=350%2C200","width":350,"height":200},"classes":[]},{"id":20074,"url":"https:\/\/xmau.com\/wp\/notiziole\/2020\/03\/14\/_vita-arte-e-mistica_-ebook\/","url_meta":{"origin":10115,"position":3},"title":"_Vita, arte e mistica_ (ebook)","author":".mau.","date":"2020-03-14","format":false,"excerpt":"Si salva solo la postfazione","rel":"","context":"In &quot;rec-2020&quot;","block_context":{"text":"rec-2020","link":"https:\/\/xmau.com\/wp\/notiziole\/category\/recensioni\/recensioni-2020\/"},"img":{"alt_text":"","src":"https:\/\/i0.wp.com\/xmau.com\/wp\/notiziole\/wp-content\/uploads\/sites\/6\/2020\/02\/9780691182773-1.jpg?resize=350%2C200&ssl=1","width":350,"height":200},"classes":[]},{"id":18082,"url":"https:\/\/xmau.com\/wp\/notiziole\/2019\/01\/26\/_where-mathematics-comes-from_-libro\/","url_meta":{"origin":10115,"position":4},"title":"_Where Mathematics Comes From_ (libro)","author":".mau.","date":"2019-01-26","format":false,"excerpt":"La matematica non sarebbe altro che una metafora?","rel":"","context":"In &quot;rec-2019&quot;","block_context":{"text":"rec-2019","link":"https:\/\/xmau.com\/wp\/notiziole\/category\/recensioni\/rec-2019\/"},"img":{"alt_text":"","src":"https:\/\/i0.wp.com\/xmau.com\/wp\/notiziole\/wp-content\/uploads\/sites\/6\/2019\/01\/9780465037711.jpg?resize=350%2C200","width":350,"height":200},"classes":[]},{"id":26270,"url":"https:\/\/xmau.com\/wp\/notiziole\/2023\/05\/06\/la-scala-musicale-libro\/","url_meta":{"origin":10115,"position":5},"title":"La scala musicale (libro)","author":".mau.","date":"2023-05-06","format":false,"excerpt":"La filosofia dietro alle scale musicali","rel":"","context":"In &quot;rec-2023&quot;","block_context":{"text":"rec-2023","link":"https:\/\/xmau.com\/wp\/notiziole\/category\/recensioni\/rec-2023\/"},"img":{"alt_text":"copertina","src":"https:\/\/i0.wp.com\/xmau.com\/wp\/notiziole\/wp-content\/uploads\/sites\/6\/2023\/05\/9788829012671.jpg?resize=350%2C200&ssl=1","width":350,"height":200},"classes":[]}],"jetpack_likes_enabled":true,"jetpack_sharing_enabled":true,"_links":{"self":[{"href":"https:\/\/xmau.com\/wp\/notiziole\/wp-json\/wp\/v2\/posts\/10115","targetHints":{"allow":["GET"]}}],"collection":[{"href":"https:\/\/xmau.com\/wp\/notiziole\/wp-json\/wp\/v2\/posts"}],"about":[{"href":"https:\/\/xmau.com\/wp\/notiziole\/wp-json\/wp\/v2\/types\/post"}],"author":[{"embeddable":true,"href":"https:\/\/xmau.com\/wp\/notiziole\/wp-json\/wp\/v2\/users\/2"}],"replies":[{"embeddable":true,"href":"https:\/\/xmau.com\/wp\/notiziole\/wp-json\/wp\/v2\/comments?post=10115"}],"version-history":[{"count":0,"href":"https:\/\/xmau.com\/wp\/notiziole\/wp-json\/wp\/v2\/posts\/10115\/revisions"}],"wp:attachment":[{"href":"https:\/\/xmau.com\/wp\/notiziole\/wp-json\/wp\/v2\/media?parent=10115"}],"wp:term":[{"taxonomy":"category","embeddable":true,"href":"https:\/\/xmau.com\/wp\/notiziole\/wp-json\/wp\/v2\/categories?post=10115"},{"taxonomy":"post_tag","embeddable":true,"href":"https:\/\/xmau.com\/wp\/notiziole\/wp-json\/wp\/v2\/tags?post=10115"}],"curies":[{"name":"wp","href":"https:\/\/api.w.org\/{rel}","templated":true}]}}