{"id":38131,"date":"2026-09-02T21:58:32","date_gmt":"2026-09-02T19:58:32","guid":{"rendered":"https:\/\/xmau.com\/notiziole\/?p=38131"},"modified":"2026-09-02T21:58:32","modified_gmt":"2026-09-02T19:58:32","slug":"ordinanze-cautelari-e-pubblicita","status":"publish","type":"post","link":"https:\/\/xmau.com\/notiziole\/2026\/09\/02\/ordinanze-cautelari-e-pubblicita\/","title":{"rendered":"Ordinanze cautelari e pubblicit\u00e0"},"content":{"rendered":"<p><a href=\"https:\/\/i0.wp.com\/xmau.com\/notiziole\/wp-content\/uploads\/sites\/6\/2026\/09\/finto-report.jpg?ssl=1\"><img data-recalc-dims=\"1\" loading=\"lazy\" decoding=\"async\" class=\"alignright size-medium wp-image-38132\" src=\"https:\/\/i0.wp.com\/xmau.com\/notiziole\/wp-content\/uploads\/sites\/6\/2026\/09\/finto-report.jpg?resize=300%2C206&#038;ssl=1\" alt=\"Ordinanza cautelare per pubblicit\u00e0 ingannatrice\" width=\"300\" height=\"206\" srcset=\"https:\/\/i0.wp.com\/xmau.com\/notiziole\/wp-content\/uploads\/sites\/6\/2026\/09\/finto-report.jpg?resize=300%2C206&amp;ssl=1 300w, https:\/\/i0.wp.com\/xmau.com\/notiziole\/wp-content\/uploads\/sites\/6\/2026\/09\/finto-report.jpg?w=733&amp;ssl=1 733w\" sizes=\"auto, (max-width: 300px) 100vw, 300px\" \/><\/a>A quanto pare la Rai ha citato a giudizio il Post per le pubblicit\u00e0 fraudolente che fanno credere di essere tratte da Report. Ora, lasciando da parte l&#8217;affermazione dell&#8217;avvocato della Rai che afferma che \u00absi continua a sfruttare il marchio RAI e l\u2019immagine del conduttore Ranucci e della trasmissione Report\u00bb, ci sono due cose che mi chiedo.<\/p>\n<p>La prima: qual \u00e8 l&#8217;utilit\u00e0 pratica dell&#8217;\u00abimmediato inserimento nelle liste di esclusione previste dal sistema di protezione denominato \u201cBlocco inserzionisti\u201d dello specifico indirizzo internet (URL) \u00bb, e peggio ancora \u00abdei futuri indirizzi IP e nomi di dominio non ancora individuati al momento della decisione e che dovessero essere utilizzati, a condizione che siano collegabili, soggettivamente e oggettivamente, ai medesimi soggetti acquirenti dello spazio pubblicitario responsabili degli illeciti oggetto della presente causa, ove individuati;\u00bb? C&#8217;\u00e8 davvero qualche giudice che crede che ci\u00f2 serva?<\/p>\n<p>La seconda: mi sono trovato non so quante di queste &#8220;pubblicit\u00e0&#8221; su X. Le ho segnalate, e la risposta \u00e8 stata &#8220;non violano i ToS&#8221;. Ma secondo voi la Rai ha fatto anche causa ad Elonio?<\/p>\n","protected":false},"excerpt":{"rendered":"<p>Mi chiedo solo se la Rai ha fatto la stessa cosa contro X<\/p>\n","protected":false},"author":1,"featured_media":0,"comment_status":"open","ping_status":"open","sticky":false,"template":"","format":"standard","meta":{"_lmt_disableupdate":"","_lmt_disable":"","site-sidebar-layout":"default","site-content-layout":"","ast-site-content-layout":"default","site-content-style":"default","site-sidebar-style":"default","ast-global-header-display":"","ast-banner-title-visibility":"","ast-main-header-display":"","ast-hfb-above-header-display":"","ast-hfb-below-header-display":"","ast-hfb-mobile-header-display":"","site-post-title":"","ast-breadcrumbs-content":"","ast-featured-img":"","footer-sml-layout":"","ast-disable-related-posts":"","theme-transparent-header-meta":"default","adv-header-id-meta":"","stick-header-meta":"","header-above-stick-meta":"","header-main-stick-meta":"","header-below-stick-meta":"","astra-migrate-meta-layouts":"set","ast-page-background-enabled":"default","ast-page-background-meta":{"desktop":{"background-color":"var(--ast-global-color-5)","background-image":"","background-repeat":"repeat","background-position":"center center","background-size":"auto","background-attachment":"scroll","background-type":"","background-media":"","overlay-type":"","overlay-color":"","overlay-opacity":"","overlay-gradient":""},"tablet":{"background-color":"","background-image":"","background-repeat":"repeat","background-position":"center center","background-size":"auto","background-attachment":"scroll","background-type":"","background-media":"","overlay-type":"","overlay-color":"","overlay-opacity":"","overlay-gradient":""},"mobile":{"background-color":"","background-image":"","background-repeat":"repeat","background-position":"center center","background-size":"auto","background-attachment":"scroll","background-type":"","background-media":"","overlay-type":"","overlay-color":"","overlay-opacity":"","overlay-gradient":""}},"ast-content-background-meta":{"desktop":{"background-color":"var(--ast-global-color-4)","background-image":"","background-repeat":"repeat","background-position":"center center","background-size":"auto","background-attachment":"scroll","background-type":"","background-media":"","overlay-type":"","overlay-color":"","overlay-opacity":"","overlay-gradient":""},"tablet":{"background-color":"var(--ast-global-color-4)","background-image":"","background-repeat":"repeat","background-position":"center center","background-size":"auto","background-attachment":"scroll","background-type":"","background-media":"","overlay-type":"","overlay-color":"","overlay-opacity":"","overlay-gradient":""},"mobile":{"background-color":"var(--ast-global-color-4)","background-image":"","background-repeat":"repeat","background-position":"center center","background-size":"auto","background-attachment":"scroll","background-type":"","background-media":"","overlay-type":"","overlay-color":"","overlay-opacity":"","overlay-gradient":""}},"_jetpack_newsletter_access":"","_jetpack_dont_email_post_to_subs":false,"_jetpack_newsletter_tier_id":0,"_jetpack_memberships_contains_paywalled_content":false,"_jetpack_feature_clip_id":0,"_jetpack_memberships_contains_paid_content":false,"activitypub_content_warning":"","activitypub_content_visibility":"","activitypub_max_image_attachments":3,"activitypub_interaction_policy_quote":"anyone","activitypub_status":"federated","footnotes":"","jetpack_post_was_ever_published":false},"categories":[675],"tags":[],"class_list":["post-38131","post","type-post","status-publish","format-standard","hentry","category-italica_stampa"],"modified_by":".mau.","jetpack_shortlink":"https:\/\/wp.me\/phh2yV-9V1","jetpack-related-posts":[{"id":10757,"url":"https:\/\/xmau.com\/notiziole\/2014\/11\/23\/la-rai-ci-illumina\/","url_meta":{"origin":38131,"position":0},"title":"La Rai ci illumina","author":".mau.","date":"2014-11-23","format":false,"excerpt":"qual \u00e8 il senso di far pagare il canone RAI con la bolletta della luce?","rel":"","context":"In &quot;politica&quot;","block_context":{"text":"politica","link":"https:\/\/xmau.com\/notiziole\/category\/politica\/"},"img":{"alt_text":"","src":"","width":0,"height":0},"classes":[]},{"id":23443,"url":"https:\/\/xmau.com\/notiziole\/2021\/12\/22\/i-palinsesti-dettagliati-di-rai-radio-classica-parte-2\/","url_meta":{"origin":38131,"position":1},"title":"I palinsesti dettagliati di Rai Radio Classica, parte 2","author":".mau.","date":"2021-12-22","format":false,"excerpt":"Come poi avevo aggiunto ieri al post di ieri, la Rai mi ha risposto dicendo che avevo scritto all'indirizzo sbagliato. Ho quindi rifatto la domanda a quello giusto, e in meno di un'ora ho avuto la risposta: Ciao, la funzione indicata verr\u00e0 inserita successivamente con i prossimi rilasci dell'app. Per\u2026","rel":"","context":"In &quot;pipponi&quot;","block_context":{"text":"pipponi","link":"https:\/\/xmau.com\/notiziole\/category\/pipponi\/"},"img":{"alt_text":"","src":"","width":0,"height":0},"classes":[]},{"id":1975,"url":"https:\/\/xmau.com\/notiziole\/2002\/04\/12\/ancora_la_rai\/","url_meta":{"origin":38131,"position":2},"title":"Ancora la RAI","author":".mau.","date":"2002-04-12","format":false,"excerpt":"D'accordo, mi pare di sparare sulla Croce Rossa, per\u00f2... Ieri qualcuno ha trovato nel sito di RaiNews24 il coccodrillo preparato per la morte di papa Wojtyla, e l'ha pubblicato su Virgilio. Non c'\u00e8 nulla di strano ad avere un testo gi\u00e0 pronto per la morte di un personaggio importante: \u00e8\u2026","rel":"","context":"In &quot;2001-02&quot;","block_context":{"text":"2001-02","link":"https:\/\/xmau.com\/notiziole\/category\/varie\/varie-2001-02\/"},"img":{"alt_text":"","src":"","width":0,"height":0},"classes":[]},{"id":2726,"url":"https:\/\/xmau.com\/notiziole\/2004\/01\/31\/privacy_e_la_rai\/","url_meta":{"origin":38131,"position":3},"title":"privacy e la RAI","author":".mau.","date":"2004-01-31","format":false,"excerpt":"Nei giorni scorsi ci \u00e8 arrivata la lettera in cui la RAI ci invita simpaticamente a pagare il canone, con bollettino prestampato per nostra comodit\u00e0. Che c'\u00e8 di strano? che l'anno scorso Anna ha cambiato residenza e non aveva spedito la cartolina apposita. Eppure questo \u00e8 il \"nostro\" abbonamento, il\u2026","rel":"","context":"In &quot;y2004_pipponi&quot;","block_context":{"text":"y2004_pipponi","link":"https:\/\/xmau.com\/notiziole\/category\/y2004_pipponi\/"},"img":{"alt_text":"","src":"","width":0,"height":0},"classes":[]},{"id":13604,"url":"https:\/\/xmau.com\/notiziole\/2016\/08\/28\/lutto-nazionale-televisivo\/","url_meta":{"origin":38131,"position":4},"title":"Lutto nazionale televisivo","author":".mau.","date":"2016-08-28","format":false,"excerpt":"A che serve mettere un fiocco nero?","rel":"","context":"In &quot;pipponi&quot;","block_context":{"text":"pipponi","link":"https:\/\/xmau.com\/notiziole\/category\/pipponi\/"},"img":{"alt_text":"","src":"","width":0,"height":0},"classes":[]},{"id":22130,"url":"https:\/\/xmau.com\/notiziole\/2021\/05\/03\/fedez-rai-e-tutto-il-resto\/","url_meta":{"origin":38131,"position":5},"title":"Fedez, Rai e tutto il resto","author":".mau.","date":"2021-05-03","format":false,"excerpt":"Ma importa davvero?","rel":"","context":"In &quot;pipponi&quot;","block_context":{"text":"pipponi","link":"https:\/\/xmau.com\/notiziole\/category\/pipponi\/"},"img":{"alt_text":"","src":"","width":0,"height":0},"classes":[]}],"jetpack_likes_enabled":true,"jetpack_sharing_enabled":true,"jetpack_featured_media_url":"","_links":{"self":[{"href":"https:\/\/xmau.com\/notiziole\/wp-json\/wp\/v2\/posts\/38131","targetHints":{"allow":["GET"]}}],"collection":[{"href":"https:\/\/xmau.com\/notiziole\/wp-json\/wp\/v2\/posts"}],"about":[{"href":"https:\/\/xmau.com\/notiziole\/wp-json\/wp\/v2\/types\/post"}],"author":[{"embeddable":true,"href":"https:\/\/xmau.com\/notiziole\/wp-json\/wp\/v2\/users\/1"}],"replies":[{"embeddable":true,"href":"https:\/\/xmau.com\/notiziole\/wp-json\/wp\/v2\/comments?post=38131"}],"version-history":[{"count":1,"href":"https:\/\/xmau.com\/notiziole\/wp-json\/wp\/v2\/posts\/38131\/revisions"}],"predecessor-version":[{"id":38133,"href":"https:\/\/xmau.com\/notiziole\/wp-json\/wp\/v2\/posts\/38131\/revisions\/38133"}],"wp:attachment":[{"href":"https:\/\/xmau.com\/notiziole\/wp-json\/wp\/v2\/media?parent=38131"}],"wp:term":[{"taxonomy":"category","embeddable":true,"href":"https:\/\/xmau.com\/notiziole\/wp-json\/wp\/v2\/categories?post=38131"},{"taxonomy":"post_tag","embeddable":true,"href":"https:\/\/xmau.com\/notiziole\/wp-json\/wp\/v2\/tags?post=38131"}],"curies":[{"name":"wp","href":"https:\/\/api.w.org\/{rel}","templated":true}]}}